{"id":2819,"date":"2011-12-09T00:00:00","date_gmt":"2011-12-08T23:00:00","guid":{"rendered":"http:\/\/www.worldpolicyconference.com\/herve-mariton-planche-sur-la-gouvernance-mondiale\/"},"modified":"2011-12-09T00:00:00","modified_gmt":"2011-12-08T23:00:00","slug":"herve-mariton-planche-sur-la-gouvernance-mondiale","status":"publish","type":"post","link":"https:\/\/www.worldpolicyconference.com\/fr\/herve-mariton-planche-sur-la-gouvernance-mondiale\/","title":{"rendered":"Herv\u00e9 Mariton planche sur la gouvernance mondiale"},"content":{"rendered":"<p>Le d\u00e9put\u00e9 de la Dr\u00f4me participera ce week-end \u00e0 Vienne, en tant que conseiller politique de l&rsquo;UMP, \u00e0 la 4e \u00e9dition de la World Policy Conference, organis\u00e9e par Thierry de Montbrial. Cinq enjeux d&rsquo;actualit\u00e9 li\u00e9s \u00e0 la gouvernance mondiale seront abord\u00e9s: le printemps arabe, les grandes catastrophes, l&rsquo;Europe, l&rsquo;avenir des G8 et G20 et le devenir des gouvernements africains.<\/p>\n","protected":false},"excerpt":{"rendered":"<p>Le d\u00e9put\u00e9 de la Dr\u00f4me participera ce week-end \u00e0 Vienne, en tant que conseiller politique de l&rsquo;UMP, \u00e0 la 4e \u00e9dition de la World Policy Conference, organis\u00e9e par Thierry de<\/p>\n","protected":false},"author":1,"featured_media":0,"comment_status":"closed","ping_status":"open","sticky":false,"template":"","format":"standard","meta":{"footnotes":""},"categories":[4],"tags":[17],"class_list":["post-2819","post","type-post","status-publish","format-standard","hentry","category-press-review","tag-17"],"_links":{"self":[{"href":"https:\/\/www.worldpolicyconference.com\/fr\/wp-json\/wp\/v2\/posts\/2819","targetHints":{"allow":["GET"]}}],"collection":[{"href":"https:\/\/www.worldpolicyconference.com\/fr\/wp-json\/wp\/v2\/posts"}],"about":[{"href":"https:\/\/www.worldpolicyconference.com\/fr\/wp-json\/wp\/v2\/types\/post"}],"author":[{"embeddable":true,"href":"https:\/\/www.worldpolicyconference.com\/fr\/wp-json\/wp\/v2\/users\/1"}],"replies":[{"embeddable":true,"href":"https:\/\/www.worldpolicyconference.com\/fr\/wp-json\/wp\/v2\/comments?post=2819"}],"version-history":[{"count":0,"href":"https:\/\/www.worldpolicyconference.com\/fr\/wp-json\/wp\/v2\/posts\/2819\/revisions"}],"wp:attachment":[{"href":"https:\/\/www.worldpolicyconference.com\/fr\/wp-json\/wp\/v2\/media?parent=2819"}],"wp:term":[{"taxonomy":"category","embeddable":true,"href":"https:\/\/www.worldpolicyconference.com\/fr\/wp-json\/wp\/v2\/categories?post=2819"},{"taxonomy":"post_tag","embeddable":true,"href":"https:\/\/www.worldpolicyconference.com\/fr\/wp-json\/wp\/v2\/tags?post=2819"}],"curies":[{"name":"wp","href":"https:\/\/api.w.org\/{rel}","templated":true}]}}