{"id":2823,"date":"2011-12-13T00:00:00","date_gmt":"2011-12-12T23:00:00","guid":{"rendered":"http:\/\/www.worldpolicyconference.com\/joschka-fischer-fervent-defenseur-de-laccord-europeen\/"},"modified":"2011-12-13T00:00:00","modified_gmt":"2011-12-12T23:00:00","slug":"joschka-fischer-fervent-defenseur-de-laccord-europeen","status":"publish","type":"post","link":"https:\/\/www.worldpolicyconference.com\/fr\/joschka-fischer-fervent-defenseur-de-laccord-europeen\/","title":{"rendered":"Joschka Fischer fervent d\u00e9fenseur de l&rsquo;accord europ\u00e9en"},"content":{"rendered":"<p>[&#8230;] Joschka Fischer, l&rsquo;un des plus brillants ministres des Affaires \u00e9trang\u00e8res allemands de l&rsquo;apr\u00e8s-guerre, a des id\u00e9es biens pr\u00e9cises sur l&rsquo;accord dit \u00a0\u00bb\u00a0Dix-sept plus\u00a0\u00a0\u00bb des chefs d&rsquo;Etat de l&rsquo;Union europ\u00e9enne. <em>\u00a0\u00bb\u00a0Une nouvelle forme de gouvernance europ\u00e9enne est en train d&rsquo;\u00e9merger avec la formule des 17 plus. Nous devons r\u00e9ellement aller dans cette direction, vers l&rsquo;union budg\u00e9taire et, par l\u00e0, vers l&rsquo;union politique, ce qui serait encore mieux\u00a0\u00ab\u00a0<\/em>, a-t-il expliqu\u00e9 aux \u00a0\u00bb\u00a0Echos\u00a0\u00a0\u00bb en marge de la conf\u00e9rence annuelle sur la gouvernance organis\u00e9e ce week-end \u00e0 Vienne par l&rsquo;Institut fran\u00e7ais des relations internationales. [&#8230;]<\/p>\n","protected":false},"excerpt":{"rendered":"<p>[&#8230;] Joschka Fischer, l&rsquo;un des plus brillants ministres des Affaires \u00e9trang\u00e8res allemands de l&rsquo;apr\u00e8s-guerre, a des id\u00e9es biens pr\u00e9cises sur l&rsquo;accord dit \u00a0\u00bb\u00a0Dix-sept plus\u00a0\u00a0\u00bb des chefs d&rsquo;Etat de l&rsquo;Union europ\u00e9enne.<\/p>\n","protected":false},"author":1,"featured_media":0,"comment_status":"closed","ping_status":"open","sticky":false,"template":"","format":"standard","meta":{"footnotes":""},"categories":[4],"tags":[17],"class_list":["post-2823","post","type-post","status-publish","format-standard","hentry","category-press-review","tag-17"],"_links":{"self":[{"href":"https:\/\/www.worldpolicyconference.com\/fr\/wp-json\/wp\/v2\/posts\/2823","targetHints":{"allow":["GET"]}}],"collection":[{"href":"https:\/\/www.worldpolicyconference.com\/fr\/wp-json\/wp\/v2\/posts"}],"about":[{"href":"https:\/\/www.worldpolicyconference.com\/fr\/wp-json\/wp\/v2\/types\/post"}],"author":[{"embeddable":true,"href":"https:\/\/www.worldpolicyconference.com\/fr\/wp-json\/wp\/v2\/users\/1"}],"replies":[{"embeddable":true,"href":"https:\/\/www.worldpolicyconference.com\/fr\/wp-json\/wp\/v2\/comments?post=2823"}],"version-history":[{"count":0,"href":"https:\/\/www.worldpolicyconference.com\/fr\/wp-json\/wp\/v2\/posts\/2823\/revisions"}],"wp:attachment":[{"href":"https:\/\/www.worldpolicyconference.com\/fr\/wp-json\/wp\/v2\/media?parent=2823"}],"wp:term":[{"taxonomy":"category","embeddable":true,"href":"https:\/\/www.worldpolicyconference.com\/fr\/wp-json\/wp\/v2\/categories?post=2823"},{"taxonomy":"post_tag","embeddable":true,"href":"https:\/\/www.worldpolicyconference.com\/fr\/wp-json\/wp\/v2\/tags?post=2823"}],"curies":[{"name":"wp","href":"https:\/\/api.w.org\/{rel}","templated":true}]}}