{"id":2827,"date":"2011-12-11T00:00:00","date_gmt":"2011-12-10T23:00:00","guid":{"rendered":"http:\/\/www.worldpolicyconference.com\/amr-moussa-lensemble-du-moyen-orient-doit-changer\/"},"modified":"2011-12-11T00:00:00","modified_gmt":"2011-12-10T23:00:00","slug":"amr-moussa-lensemble-du-moyen-orient-doit-changer","status":"publish","type":"post","link":"https:\/\/www.worldpolicyconference.com\/fr\/amr-moussa-lensemble-du-moyen-orient-doit-changer\/","title":{"rendered":"Amr Moussa : L&rsquo;ensemble du Moyen-Orient doit changer"},"content":{"rendered":"<p>Le Printemps arabe a \u00e9t\u00e9 au c\u0153ur de la 4e \u00ab\u00a0World policy conference\u00a0\u00bb organis\u00e9e \u00e0 Vienne par l&rsquo;Ifri. \u00ab\u00a0Nous ne voulons plus vivre sous des dictatures et l&rsquo;ensemble du Moyen-Orient doit changer\u00a0\u00bb, a lanc\u00e9 Amr Moussa, lors de la World policy conference \u00e0 Vienne (Autriche), qui s&rsquo;est tenue du 9 au 11 d\u00e9cembre. Et l&rsquo;ancien secr\u00e9taire g\u00e9n\u00e9ral de la Ligue arabe, candidat d\u00e9clar\u00e9 \u00e0 la prochaine pr\u00e9sidentielle \u00e9gyptienne, d&rsquo;ajouter : \u00ab\u00a0Les changements toucheront \u00e0 des degr\u00e9s divers tous les pays. [&#8230;]<\/p>\n","protected":false},"excerpt":{"rendered":"<p>Le Printemps arabe a \u00e9t\u00e9 au c\u0153ur de la 4e \u00ab\u00a0World policy conference\u00a0\u00bb organis\u00e9e \u00e0 Vienne par l&rsquo;Ifri. \u00ab\u00a0Nous ne voulons plus vivre sous des dictatures et l&rsquo;ensemble du Moyen-Orient<\/p>\n","protected":false},"author":1,"featured_media":0,"comment_status":"closed","ping_status":"open","sticky":false,"template":"","format":"standard","meta":{"footnotes":""},"categories":[4],"tags":[17],"class_list":["post-2827","post","type-post","status-publish","format-standard","hentry","category-press-review","tag-17"],"_links":{"self":[{"href":"https:\/\/www.worldpolicyconference.com\/fr\/wp-json\/wp\/v2\/posts\/2827","targetHints":{"allow":["GET"]}}],"collection":[{"href":"https:\/\/www.worldpolicyconference.com\/fr\/wp-json\/wp\/v2\/posts"}],"about":[{"href":"https:\/\/www.worldpolicyconference.com\/fr\/wp-json\/wp\/v2\/types\/post"}],"author":[{"embeddable":true,"href":"https:\/\/www.worldpolicyconference.com\/fr\/wp-json\/wp\/v2\/users\/1"}],"replies":[{"embeddable":true,"href":"https:\/\/www.worldpolicyconference.com\/fr\/wp-json\/wp\/v2\/comments?post=2827"}],"version-history":[{"count":0,"href":"https:\/\/www.worldpolicyconference.com\/fr\/wp-json\/wp\/v2\/posts\/2827\/revisions"}],"wp:attachment":[{"href":"https:\/\/www.worldpolicyconference.com\/fr\/wp-json\/wp\/v2\/media?parent=2827"}],"wp:term":[{"taxonomy":"category","embeddable":true,"href":"https:\/\/www.worldpolicyconference.com\/fr\/wp-json\/wp\/v2\/categories?post=2827"},{"taxonomy":"post_tag","embeddable":true,"href":"https:\/\/www.worldpolicyconference.com\/fr\/wp-json\/wp\/v2\/tags?post=2827"}],"curies":[{"name":"wp","href":"https:\/\/api.w.org\/{rel}","templated":true}]}}