{"id":2828,"date":"2011-12-14T00:00:00","date_gmt":"2011-12-13T23:00:00","guid":{"rendered":"http:\/\/www.worldpolicyconference.com\/thierry-de-montbrial-la-poussee-islamiste-etait-previsible\/"},"modified":"2011-12-14T00:00:00","modified_gmt":"2011-12-13T23:00:00","slug":"thierry-de-montbrial-la-poussee-islamiste-etait-previsible","status":"publish","type":"post","link":"https:\/\/www.worldpolicyconference.com\/fr\/thierry-de-montbrial-la-poussee-islamiste-etait-previsible\/","title":{"rendered":"Thierry de Montbrial : La pouss\u00e9e islamiste \u00e9tait pr\u00e9visible"},"content":{"rendered":"<p>Les enjeux de gouvernance li\u00e9s aux bouleversements en Afrique du Nord ont \u00e9t\u00e9 les principaux th\u00e8mes de la 4e\u00a0\u00e9dition de la World Policy Conference, qui s&rsquo;est tenue \u00e0 Vienne (Autriche) du 9 au 11\u00a0d\u00e9cembre. Entretien avec son initiateur Thierry de Montbrial, directeur de l&rsquo;Institut fran\u00e7ais des relations internationales (Ifri). [&#8230;]<\/p>\n","protected":false},"excerpt":{"rendered":"<p>Les enjeux de gouvernance li\u00e9s aux bouleversements en Afrique du Nord ont \u00e9t\u00e9 les principaux th\u00e8mes de la 4e\u00a0\u00e9dition de la World Policy Conference, qui s&rsquo;est tenue \u00e0 Vienne (Autriche)<\/p>\n","protected":false},"author":1,"featured_media":0,"comment_status":"closed","ping_status":"open","sticky":false,"template":"","format":"standard","meta":{"footnotes":""},"categories":[4],"tags":[17],"class_list":["post-2828","post","type-post","status-publish","format-standard","hentry","category-press-review","tag-17"],"_links":{"self":[{"href":"https:\/\/www.worldpolicyconference.com\/fr\/wp-json\/wp\/v2\/posts\/2828","targetHints":{"allow":["GET"]}}],"collection":[{"href":"https:\/\/www.worldpolicyconference.com\/fr\/wp-json\/wp\/v2\/posts"}],"about":[{"href":"https:\/\/www.worldpolicyconference.com\/fr\/wp-json\/wp\/v2\/types\/post"}],"author":[{"embeddable":true,"href":"https:\/\/www.worldpolicyconference.com\/fr\/wp-json\/wp\/v2\/users\/1"}],"replies":[{"embeddable":true,"href":"https:\/\/www.worldpolicyconference.com\/fr\/wp-json\/wp\/v2\/comments?post=2828"}],"version-history":[{"count":0,"href":"https:\/\/www.worldpolicyconference.com\/fr\/wp-json\/wp\/v2\/posts\/2828\/revisions"}],"wp:attachment":[{"href":"https:\/\/www.worldpolicyconference.com\/fr\/wp-json\/wp\/v2\/media?parent=2828"}],"wp:term":[{"taxonomy":"category","embeddable":true,"href":"https:\/\/www.worldpolicyconference.com\/fr\/wp-json\/wp\/v2\/categories?post=2828"},{"taxonomy":"post_tag","embeddable":true,"href":"https:\/\/www.worldpolicyconference.com\/fr\/wp-json\/wp\/v2\/tags?post=2828"}],"curies":[{"name":"wp","href":"https:\/\/api.w.org\/{rel}","templated":true}]}}