{"id":2834,"date":"2011-10-13T00:00:00","date_gmt":"2011-10-12T23:00:00","guid":{"rendered":"http:\/\/www.worldpolicyconference.com\/valses-de-vienne\/"},"modified":"2011-10-13T00:00:00","modified_gmt":"2011-10-12T23:00:00","slug":"valses-de-vienne","status":"publish","type":"post","link":"https:\/\/www.worldpolicyconference.com\/fr\/valses-de-vienne\/","title":{"rendered":"Valses de Vienne"},"content":{"rendered":"<p>Apr\u00e8s Evian et Marrakech, c&rsquo;est au palais Hofburg de Vienne que l&rsquo;Institut fran\u00e7ais des relations internationales (Ifri) de Thierry de Montbrial accueillera, du 9 au 11 d\u00e9cembre, les invit\u00e9s de la World Policy Conference. Pour sa quatri\u00e8me \u00e9dition, la WPC r\u00e9unira plus de 150 participants, dont 10 chefs d&rsquo;Etat et de gouvernement. Le pr\u00e9sident turc Abdullah G\u00fcl a d\u00e9j\u00e0 confirm\u00e9 sa pr\u00e9sence. Ainsi que Mario Draghi, le nouveau patron de la BCE, qui y fera l&rsquo;une de ses toutes premi\u00e8res allocutions publiques.<\/p>\n","protected":false},"excerpt":{"rendered":"<p>Apr\u00e8s Evian et Marrakech, c&rsquo;est au palais Hofburg de Vienne que l&rsquo;Institut fran\u00e7ais des relations internationales (Ifri) de Thierry de Montbrial accueillera, du 9 au 11 d\u00e9cembre, les invit\u00e9s de<\/p>\n","protected":false},"author":1,"featured_media":0,"comment_status":"closed","ping_status":"open","sticky":false,"template":"","format":"standard","meta":{"footnotes":""},"categories":[4],"tags":[17],"class_list":["post-2834","post","type-post","status-publish","format-standard","hentry","category-press-review","tag-17"],"_links":{"self":[{"href":"https:\/\/www.worldpolicyconference.com\/fr\/wp-json\/wp\/v2\/posts\/2834","targetHints":{"allow":["GET"]}}],"collection":[{"href":"https:\/\/www.worldpolicyconference.com\/fr\/wp-json\/wp\/v2\/posts"}],"about":[{"href":"https:\/\/www.worldpolicyconference.com\/fr\/wp-json\/wp\/v2\/types\/post"}],"author":[{"embeddable":true,"href":"https:\/\/www.worldpolicyconference.com\/fr\/wp-json\/wp\/v2\/users\/1"}],"replies":[{"embeddable":true,"href":"https:\/\/www.worldpolicyconference.com\/fr\/wp-json\/wp\/v2\/comments?post=2834"}],"version-history":[{"count":0,"href":"https:\/\/www.worldpolicyconference.com\/fr\/wp-json\/wp\/v2\/posts\/2834\/revisions"}],"wp:attachment":[{"href":"https:\/\/www.worldpolicyconference.com\/fr\/wp-json\/wp\/v2\/media?parent=2834"}],"wp:term":[{"taxonomy":"category","embeddable":true,"href":"https:\/\/www.worldpolicyconference.com\/fr\/wp-json\/wp\/v2\/categories?post=2834"},{"taxonomy":"post_tag","embeddable":true,"href":"https:\/\/www.worldpolicyconference.com\/fr\/wp-json\/wp\/v2\/tags?post=2834"}],"curies":[{"name":"wp","href":"https:\/\/api.w.org\/{rel}","templated":true}]}}