{"id":3263,"date":"2014-11-18T13:03:26","date_gmt":"2014-11-18T12:03:26","guid":{"rendered":"http:\/\/www.worldpolicyconference.com\/?p=3263"},"modified":"2026-04-10T12:19:28","modified_gmt":"2026-04-10T11:19:28","slug":"vuk-jeremic","status":"publish","type":"post","link":"https:\/\/www.worldpolicyconference.com\/fr\/vuk-jeremic\/","title":{"rendered":"Vuk Jeremi\u0107"},"content":{"rendered":"<p><span style=\"font-weight: 400;\">Pr\u00e9sident du Center for International Relations and Sustainable Development, un think tank consacr\u00e9 aux politiques publiques mondiales bas\u00e9 \u00e0 Belgrade, et co-fondateur de la Global Preventive Diplomacy Initiative. Il est \u00e9galement r\u00e9dacteur en chef du magazine trimestriel Horizons &#8211; Journal of International Relations and Sustainable Development. Professeur \u00e0 l&rsquo;\u00e9cole\u00a0d&rsquo;affaires\u00a0internationales\u00a0de\u00a0Sciences Po Paris et professeur \u00e0 l\u2019Universit\u00e9 Tsinghua \u00e0 P\u00e9kin. M. Jeremi\u0107 est \u00e9galement Senior Advisor aupr\u00e8s d\u2019Eurasia Group, cabinet de r\u00e9f\u00e9rence en analyse du risque g\u00e9opolitique, fournissant analyses et conseils \u00e0 de grandes entreprises internationales, institutions financi\u00e8res et gouvernements \u00e0 travers le monde. Il a \u00e9t\u00e9 ministre des Affaires \u00e9trang\u00e8res de la Serbie de 2007 \u00e0 2012. De 2017 \u00e0 2024, M. Jeremi\u0107 a exerc\u00e9 les fonctions de Senior Advisor aupr\u00e8s de Partners Group, soci\u00e9t\u00e9 mondiale de capital-investissement bas\u00e9e en Suisse.<\/span><\/p>","protected":false},"excerpt":{"rendered":"<p>Pr\u00e9sident du Center for International Relations and Sustainable Development, un think tank consacr\u00e9 aux politiques publiques mondiales bas\u00e9 \u00e0 Belgrade, et co-fondateur de la Global Preventive Diplomacy Initiative. Il est<\/p>\n","protected":false},"author":3,"featured_media":17403,"comment_status":"closed","ping_status":"open","sticky":false,"template":"","format":"standard","meta":{"footnotes":""},"categories":[8],"tags":[19,20,21,25,155,157],"class_list":["post-3263","post","type-post","status-publish","format-standard","has-post-thumbnail","hentry","category-invited-guests","tag-19","tag-20","tag-21","tag-25","tag-155","tag-157"],"_links":{"self":[{"href":"https:\/\/www.worldpolicyconference.com\/fr\/wp-json\/wp\/v2\/posts\/3263","targetHints":{"allow":["GET"]}}],"collection":[{"href":"https:\/\/www.worldpolicyconference.com\/fr\/wp-json\/wp\/v2\/posts"}],"about":[{"href":"https:\/\/www.worldpolicyconference.com\/fr\/wp-json\/wp\/v2\/types\/post"}],"author":[{"embeddable":true,"href":"https:\/\/www.worldpolicyconference.com\/fr\/wp-json\/wp\/v2\/users\/3"}],"replies":[{"embeddable":true,"href":"https:\/\/www.worldpolicyconference.com\/fr\/wp-json\/wp\/v2\/comments?post=3263"}],"version-history":[{"count":0,"href":"https:\/\/www.worldpolicyconference.com\/fr\/wp-json\/wp\/v2\/posts\/3263\/revisions"}],"wp:featuredmedia":[{"embeddable":true,"href":"https:\/\/www.worldpolicyconference.com\/fr\/wp-json\/wp\/v2\/media\/17403"}],"wp:attachment":[{"href":"https:\/\/www.worldpolicyconference.com\/fr\/wp-json\/wp\/v2\/media?parent=3263"}],"wp:term":[{"taxonomy":"category","embeddable":true,"href":"https:\/\/www.worldpolicyconference.com\/fr\/wp-json\/wp\/v2\/categories?post=3263"},{"taxonomy":"post_tag","embeddable":true,"href":"https:\/\/www.worldpolicyconference.com\/fr\/wp-json\/wp\/v2\/tags?post=3263"}],"curies":[{"name":"wp","href":"https:\/\/api.w.org\/{rel}","templated":true}]}}