{"id":3338,"date":"2014-11-19T13:10:43","date_gmt":"2014-11-19T12:10:43","guid":{"rendered":"http:\/\/www.worldpolicyconference.com\/?p=3338"},"modified":"2026-03-24T10:19:32","modified_gmt":"2026-03-24T09:19:32","slug":"manu-mallikarjun","status":"publish","type":"post","link":"https:\/\/www.worldpolicyconference.com\/fr\/manu-mallikarjun\/","title":{"rendered":"Manu Mallikarjun"},"content":{"rendered":"<p><\/p>\n<p style=\"text-align: justify;\"><span style=\"font-weight: 400;\">Entrepreneur social sp\u00e9cialis\u00e9 dans les relations internationales et le d\u00e9veloppement. Il travaille actuellement sur une s\u00e9rie de films pour laquelle, en tant que cin\u00e9aste, il a explor\u00e9 les voies potentielles vers un monde pacifique, juste et durable. Le premier film intitul\u00e9 <em>Birth of a Poet <\/em>a officiellement \u00e9t\u00e9 s\u00e9lectionn\u00e9 par le Global Nonviolent Film Festival en 2019. Il a \u00e9galement \u00e9crit un livre \u00e0 para\u00eetre prochainement, dans lequel il partage ses d\u00e9couvertes et ses r\u00e9flexions sur plusieurs th\u00e8mes d\u2019importance mondiale \u00e0 travers une analyse multidimensionnelle de l\u2019histoire contemporaine de l\u2019Inde. Travaillant dans l&rsquo;immobilier depuis plusieurs ann\u00e9es, il a \u00e9galement acquis une grande exp\u00e9rience dans le secteur priv\u00e9 dans les domaines des technologies de l&rsquo;information et de la communication, de la finance et de l&rsquo;externalisation. Il d\u00e9crit le secteur immobilier comme un \u00ab moteur cl\u00e9 du progr\u00e8s socio-\u00e9conomique mondial \u00bb et souligne la n\u00e9cessit\u00e9 universelle de pratiques \u00e9quitables, durables et respectueuses de l\u2019environnement. Il est ing\u00e9nieur en \u00e9lectronique et communication (R.V. College of Engineering, Bangalore) et titulaire de trois masters : un master en relations internationales de la School of Advanced International Studies de l\u2019Universit\u00e9 Johns Hopkins, un master en d\u00e9veloppement immobilier de la School of Architecture and Design de l&rsquo;universit\u00e9 IE \u00e0 Madrid, et un master en cr\u00e9ation litt\u00e9raire de l&rsquo;universit\u00e9 Pompeu Fabra. Il parle couramment l&rsquo;anglais, l&rsquo;espagnol, l&rsquo;hindi et le telugu.<\/span><\/p>\n<p><\/p>","protected":false},"excerpt":{"rendered":"<p>Entrepreneur social sp\u00e9cialis\u00e9 dans les relations internationales et le d\u00e9veloppement. Il travaille actuellement sur une s\u00e9rie de films pour laquelle, en tant que cin\u00e9aste, il a explor\u00e9 les voies potentielles<\/p>\n","protected":false},"author":3,"featured_media":14146,"comment_status":"closed","ping_status":"open","sticky":false,"template":"","format":"standard","meta":{"footnotes":""},"categories":[8],"tags":[19,20,21,22,25,30,127,153,154,155,157],"class_list":["post-3338","post","type-post","status-publish","format-standard","has-post-thumbnail","hentry","category-invited-guests","tag-19","tag-20","tag-21","tag-22","tag-25","tag-30","tag-127","tag-153","tag-154","tag-155","tag-157"],"_links":{"self":[{"href":"https:\/\/www.worldpolicyconference.com\/fr\/wp-json\/wp\/v2\/posts\/3338","targetHints":{"allow":["GET"]}}],"collection":[{"href":"https:\/\/www.worldpolicyconference.com\/fr\/wp-json\/wp\/v2\/posts"}],"about":[{"href":"https:\/\/www.worldpolicyconference.com\/fr\/wp-json\/wp\/v2\/types\/post"}],"author":[{"embeddable":true,"href":"https:\/\/www.worldpolicyconference.com\/fr\/wp-json\/wp\/v2\/users\/3"}],"replies":[{"embeddable":true,"href":"https:\/\/www.worldpolicyconference.com\/fr\/wp-json\/wp\/v2\/comments?post=3338"}],"version-history":[{"count":0,"href":"https:\/\/www.worldpolicyconference.com\/fr\/wp-json\/wp\/v2\/posts\/3338\/revisions"}],"wp:featuredmedia":[{"embeddable":true,"href":"https:\/\/www.worldpolicyconference.com\/fr\/wp-json\/wp\/v2\/media\/14146"}],"wp:attachment":[{"href":"https:\/\/www.worldpolicyconference.com\/fr\/wp-json\/wp\/v2\/media?parent=3338"}],"wp:term":[{"taxonomy":"category","embeddable":true,"href":"https:\/\/www.worldpolicyconference.com\/fr\/wp-json\/wp\/v2\/categories?post=3338"},{"taxonomy":"post_tag","embeddable":true,"href":"https:\/\/www.worldpolicyconference.com\/fr\/wp-json\/wp\/v2\/tags?post=3338"}],"curies":[{"name":"wp","href":"https:\/\/api.w.org\/{rel}","templated":true}]}}