{"id":3378,"date":"2014-11-19T18:16:14","date_gmt":"2014-11-19T17:16:14","guid":{"rendered":"http:\/\/www.worldpolicyconference.com\/?p=3378"},"modified":"2018-06-12T11:07:23","modified_gmt":"2018-06-12T10:07:23","slug":"shin-kak-soo","status":"publish","type":"post","link":"https:\/\/www.worldpolicyconference.com\/fr\/shin-kak-soo\/","title":{"rendered":"Shin Kak-Soo"},"content":{"rendered":"<p><\/p>\n<p style=\"text-align: justify;\">Professeur \u00e0 l\u2019Acad\u00e9mie diplomatique nationale cor\u00e9enne. Ancien ambassadeur de la R\u00e9publique de Cor\u00e9e au Japon (2011-2013). Il a exerc\u00e9 la fonction de conseiller aupr\u00e8s du ministre des Affaires \u00e9trang\u00e8res de Cor\u00e9e en 1995. Il est nomm\u00e9 repr\u00e9sentant permanent adjoint aupr\u00e8s de la Mission cor\u00e9enne au si\u00e8ge des Nations Unies en 2004 et ambassadeur en Isra\u00ebl en 2006. Il a \u00e9t\u00e9 deuxi\u00e8me vice-ministre en charge des affaires fonctionnelles au sein du minist\u00e8re des Affaires \u00e9trang\u00e8res (2008- 2009). En novembre 2009, il est nomm\u00e9 premier vice-ministre responsable des affaires r\u00e9gionales. Il a \u00e9t\u00e9 dipl\u00f4m\u00e9 en droit international \u00e0 la Graduate School of Law de l\u2019Universit\u00e9 nationale de S\u00e9oul.<\/p>\n<p><\/p>","protected":false},"excerpt":{"rendered":"<p>Professeur \u00e0 l\u2019Acad\u00e9mie diplomatique nationale cor\u00e9enne. Ancien ambassadeur de la R\u00e9publique de Cor\u00e9e au Japon (2011-2013). Il a exerc\u00e9 la fonction de conseiller aupr\u00e8s du ministre des Affaires \u00e9trang\u00e8res de<\/p>\n","protected":false},"author":3,"featured_media":9573,"comment_status":"closed","ping_status":"open","sticky":false,"template":"","format":"standard","meta":{"footnotes":""},"categories":[8],"tags":[19],"class_list":["post-3378","post","type-post","status-publish","format-standard","has-post-thumbnail","hentry","category-invited-guests","tag-19"],"_links":{"self":[{"href":"https:\/\/www.worldpolicyconference.com\/fr\/wp-json\/wp\/v2\/posts\/3378","targetHints":{"allow":["GET"]}}],"collection":[{"href":"https:\/\/www.worldpolicyconference.com\/fr\/wp-json\/wp\/v2\/posts"}],"about":[{"href":"https:\/\/www.worldpolicyconference.com\/fr\/wp-json\/wp\/v2\/types\/post"}],"author":[{"embeddable":true,"href":"https:\/\/www.worldpolicyconference.com\/fr\/wp-json\/wp\/v2\/users\/3"}],"replies":[{"embeddable":true,"href":"https:\/\/www.worldpolicyconference.com\/fr\/wp-json\/wp\/v2\/comments?post=3378"}],"version-history":[{"count":0,"href":"https:\/\/www.worldpolicyconference.com\/fr\/wp-json\/wp\/v2\/posts\/3378\/revisions"}],"wp:featuredmedia":[{"embeddable":true,"href":"https:\/\/www.worldpolicyconference.com\/fr\/wp-json\/wp\/v2\/media\/9573"}],"wp:attachment":[{"href":"https:\/\/www.worldpolicyconference.com\/fr\/wp-json\/wp\/v2\/media?parent=3378"}],"wp:term":[{"taxonomy":"category","embeddable":true,"href":"https:\/\/www.worldpolicyconference.com\/fr\/wp-json\/wp\/v2\/categories?post=3378"},{"taxonomy":"post_tag","embeddable":true,"href":"https:\/\/www.worldpolicyconference.com\/fr\/wp-json\/wp\/v2\/tags?post=3378"}],"curies":[{"name":"wp","href":"https:\/\/api.w.org\/{rel}","templated":true}]}}