{"id":3422,"date":"2014-11-20T13:01:05","date_gmt":"2014-11-20T12:01:05","guid":{"rendered":"http:\/\/www.worldpolicyconference.com\/?p=3422"},"modified":"2018-05-14T10:11:43","modified_gmt":"2018-05-14T09:11:43","slug":"eom-seock-jeong","status":"publish","type":"post","link":"https:\/\/www.worldpolicyconference.com\/fr\/eom-seock-jeong\/","title":{"rendered":"Eom Seock-jeong"},"content":{"rendered":"<p><\/p>\n<p style=\"text-align: justify;\">Ancien ambassadeur de la R\u00e9publique de Cor\u00e9e au Royaume de Su\u00e8de. Il exer\u00e7ait auparavant les fonctions de conseiller en relations internationales aupr\u00e8s des autorit\u00e9s de S\u00e9oul (2008-2011) et d&rsquo;ambassadeur en Hongrie (2006-2008). Il a \u00e9galement travaill\u00e9 au sein du minist\u00e8re des Affaires \u00e9trang\u00e8res et du Commerce cor\u00e9en, en tant que doyen du D\u00e9partement de l\u2019\u00e9ducation et la formation \u00e0 l\u2019Institut des Affaires \u00e9trang\u00e8res et de la S\u00e9curit\u00e9 nationale (2004-2006) et en tant que vice-directeur g\u00e9n\u00e9ral de la Division des Affaires asiatiques et pacifiques (2001-2004). Il a obtenu une licence en relations internationales de l\u2019Universit\u00e9 nationale de S\u00e9oul et une ma\u00eetrise en administration publique de la Kennedy School of Government \u00e0 l\u2019Universit\u00e9 d\u2019Harvard.<\/p>\n<p><\/p>","protected":false},"excerpt":{"rendered":"<p>Ancien ambassadeur de la R\u00e9publique de Cor\u00e9e au Royaume de Su\u00e8de. Il exer\u00e7ait auparavant les fonctions de conseiller en relations internationales aupr\u00e8s des autorit\u00e9s de S\u00e9oul (2008-2011) et d&rsquo;ambassadeur en<\/p>\n","protected":false},"author":3,"featured_media":9742,"comment_status":"closed","ping_status":"open","sticky":false,"template":"","format":"standard","meta":{"footnotes":""},"categories":[8],"tags":[19],"class_list":["post-3422","post","type-post","status-publish","format-standard","has-post-thumbnail","hentry","category-invited-guests","tag-19"],"_links":{"self":[{"href":"https:\/\/www.worldpolicyconference.com\/fr\/wp-json\/wp\/v2\/posts\/3422","targetHints":{"allow":["GET"]}}],"collection":[{"href":"https:\/\/www.worldpolicyconference.com\/fr\/wp-json\/wp\/v2\/posts"}],"about":[{"href":"https:\/\/www.worldpolicyconference.com\/fr\/wp-json\/wp\/v2\/types\/post"}],"author":[{"embeddable":true,"href":"https:\/\/www.worldpolicyconference.com\/fr\/wp-json\/wp\/v2\/users\/3"}],"replies":[{"embeddable":true,"href":"https:\/\/www.worldpolicyconference.com\/fr\/wp-json\/wp\/v2\/comments?post=3422"}],"version-history":[{"count":0,"href":"https:\/\/www.worldpolicyconference.com\/fr\/wp-json\/wp\/v2\/posts\/3422\/revisions"}],"wp:featuredmedia":[{"embeddable":true,"href":"https:\/\/www.worldpolicyconference.com\/fr\/wp-json\/wp\/v2\/media\/9742"}],"wp:attachment":[{"href":"https:\/\/www.worldpolicyconference.com\/fr\/wp-json\/wp\/v2\/media?parent=3422"}],"wp:term":[{"taxonomy":"category","embeddable":true,"href":"https:\/\/www.worldpolicyconference.com\/fr\/wp-json\/wp\/v2\/categories?post=3422"},{"taxonomy":"post_tag","embeddable":true,"href":"https:\/\/www.worldpolicyconference.com\/fr\/wp-json\/wp\/v2\/tags?post=3422"}],"curies":[{"name":"wp","href":"https:\/\/api.w.org\/{rel}","templated":true}]}}