{"id":3534,"date":"2014-11-24T16:27:54","date_gmt":"2014-11-24T15:27:54","guid":{"rendered":"http:\/\/www.worldpolicyconference.com\/?p=3534"},"modified":"2018-06-12T09:33:13","modified_gmt":"2018-06-12T08:33:13","slug":"john-manley","status":"publish","type":"post","link":"https:\/\/www.worldpolicyconference.com\/fr\/john-manley\/","title":{"rendered":"John Manley"},"content":{"rendered":"<p><\/p>\n<p style=\"text-align: justify;\">Pr\u00e9sident et chef de la direction du Conseil canadien des affaires (anciennement CCCE). Il a exerc\u00e9 la fonction de vice-Premier ministre du Canada. De 1993 \u00e0 2003, il a \u00e9t\u00e9 ministre au sein des gouvernements de Jean Chr\u00e9tien, occupant les portefeuilles de l\u2019Industrie, des Affaires \u00e9trang\u00e8res et des Finances, en plus de servir comme vice-Premier ministre. A la suite des attaques terroristes du 11 septembre 2001, il a \u00e9t\u00e9 nomm\u00e9 au poste de pr\u00e9sident du Comit\u00e9 minist\u00e9riel sp\u00e9cial sur la s\u00e9curit\u00e9 publique et l\u2019antiterrorisme. Il si\u00e8ge aussi au conseil de nombreuses soci\u00e9t\u00e9s cot\u00e9es en bourse et \u0153uvre activement dans plusieurs organisations \u00e0 but non lucratif.<\/p>\n<p><\/p>","protected":false},"excerpt":{"rendered":"<p>Pr\u00e9sident et chef de la direction du Conseil canadien des affaires (anciennement CCCE). Il a exerc\u00e9 la fonction de vice-Premier ministre du Canada. De 1993 \u00e0 2003, il a \u00e9t\u00e9<\/p>\n","protected":false},"author":3,"featured_media":9994,"comment_status":"closed","ping_status":"open","sticky":false,"template":"","format":"standard","meta":{"footnotes":""},"categories":[8],"tags":[19],"class_list":["post-3534","post","type-post","status-publish","format-standard","has-post-thumbnail","hentry","category-invited-guests","tag-19"],"_links":{"self":[{"href":"https:\/\/www.worldpolicyconference.com\/fr\/wp-json\/wp\/v2\/posts\/3534","targetHints":{"allow":["GET"]}}],"collection":[{"href":"https:\/\/www.worldpolicyconference.com\/fr\/wp-json\/wp\/v2\/posts"}],"about":[{"href":"https:\/\/www.worldpolicyconference.com\/fr\/wp-json\/wp\/v2\/types\/post"}],"author":[{"embeddable":true,"href":"https:\/\/www.worldpolicyconference.com\/fr\/wp-json\/wp\/v2\/users\/3"}],"replies":[{"embeddable":true,"href":"https:\/\/www.worldpolicyconference.com\/fr\/wp-json\/wp\/v2\/comments?post=3534"}],"version-history":[{"count":0,"href":"https:\/\/www.worldpolicyconference.com\/fr\/wp-json\/wp\/v2\/posts\/3534\/revisions"}],"wp:featuredmedia":[{"embeddable":true,"href":"https:\/\/www.worldpolicyconference.com\/fr\/wp-json\/wp\/v2\/media\/9994"}],"wp:attachment":[{"href":"https:\/\/www.worldpolicyconference.com\/fr\/wp-json\/wp\/v2\/media?parent=3534"}],"wp:term":[{"taxonomy":"category","embeddable":true,"href":"https:\/\/www.worldpolicyconference.com\/fr\/wp-json\/wp\/v2\/categories?post=3534"},{"taxonomy":"post_tag","embeddable":true,"href":"https:\/\/www.worldpolicyconference.com\/fr\/wp-json\/wp\/v2\/tags?post=3534"}],"curies":[{"name":"wp","href":"https:\/\/api.w.org\/{rel}","templated":true}]}}