{"id":3787,"date":"2014-12-04T18:20:39","date_gmt":"2014-12-04T17:20:39","guid":{"rendered":"http:\/\/www.worldpolicyconference.com\/?p=3787"},"modified":"2018-06-07T15:57:42","modified_gmt":"2018-06-07T14:57:42","slug":"mehmet-ceylan","status":"publish","type":"post","link":"https:\/\/www.worldpolicyconference.com\/fr\/mehmet-ceylan\/","title":{"rendered":"Mehmet Ceylan"},"content":{"rendered":"<p><\/p>\n<p style=\"text-align: justify;\">Vice-ministre turc du d\u00e9veloppement. Il a \u00e9galement \u00e9t\u00e9 d\u00e9put\u00e9 du Parti pour la justice et le d\u00e9veloppement (AKP) au sein de la Grande Assembl\u00e9e nationale de Turquie en 2002 et en 2007 et maire de la ville de Safranbolu de 1999 \u00e0 2002. Auparavant, il avait \u00e9t\u00e9 nomm\u00e9 sp\u00e9cialiste adjoint \u00e0 l\u2019Organisation de planification nationale (DPT). Entre 1981 et 1985, il a \u00e9t\u00e9 professeur \u00e0 l\u2019universit\u00e9 Zonguldak Karaelmas et \u00e0 l\u2019universit\u00e9 technique du Moyen-Orient (METU). Il est titulaire d\u2019un master en g\u00e9nie m\u00e9canique de l\u2019universit\u00e9 technique de Y\u0131ld\u0131z, Istanbul, et d\u2019un master en \u00e9conomie de la Western Illinois University, \u00c9tats-Unis.<\/p>\n<p><\/p>","protected":false},"excerpt":{"rendered":"<p>Vice-ministre turc du d\u00e9veloppement. Il a \u00e9galement \u00e9t\u00e9 d\u00e9put\u00e9 du Parti pour la justice et le d\u00e9veloppement (AKP) au sein de la Grande Assembl\u00e9e nationale de Turquie en 2002 et<\/p>\n","protected":false},"author":3,"featured_media":10512,"comment_status":"closed","ping_status":"open","sticky":false,"template":"","format":"standard","meta":{"footnotes":""},"categories":[8],"tags":[19],"class_list":["post-3787","post","type-post","status-publish","format-standard","has-post-thumbnail","hentry","category-invited-guests","tag-19"],"_links":{"self":[{"href":"https:\/\/www.worldpolicyconference.com\/fr\/wp-json\/wp\/v2\/posts\/3787","targetHints":{"allow":["GET"]}}],"collection":[{"href":"https:\/\/www.worldpolicyconference.com\/fr\/wp-json\/wp\/v2\/posts"}],"about":[{"href":"https:\/\/www.worldpolicyconference.com\/fr\/wp-json\/wp\/v2\/types\/post"}],"author":[{"embeddable":true,"href":"https:\/\/www.worldpolicyconference.com\/fr\/wp-json\/wp\/v2\/users\/3"}],"replies":[{"embeddable":true,"href":"https:\/\/www.worldpolicyconference.com\/fr\/wp-json\/wp\/v2\/comments?post=3787"}],"version-history":[{"count":0,"href":"https:\/\/www.worldpolicyconference.com\/fr\/wp-json\/wp\/v2\/posts\/3787\/revisions"}],"wp:featuredmedia":[{"embeddable":true,"href":"https:\/\/www.worldpolicyconference.com\/fr\/wp-json\/wp\/v2\/media\/10512"}],"wp:attachment":[{"href":"https:\/\/www.worldpolicyconference.com\/fr\/wp-json\/wp\/v2\/media?parent=3787"}],"wp:term":[{"taxonomy":"category","embeddable":true,"href":"https:\/\/www.worldpolicyconference.com\/fr\/wp-json\/wp\/v2\/categories?post=3787"},{"taxonomy":"post_tag","embeddable":true,"href":"https:\/\/www.worldpolicyconference.com\/fr\/wp-json\/wp\/v2\/tags?post=3787"}],"curies":[{"name":"wp","href":"https:\/\/api.w.org\/{rel}","templated":true}]}}