{"id":3876,"date":"2014-12-10T16:55:43","date_gmt":"2014-12-10T15:55:43","guid":{"rendered":"http:\/\/www.worldpolicyconference.com\/?p=3876"},"modified":"2015-01-12T17:48:27","modified_gmt":"2015-01-12T16:48:27","slug":"favoriser-les-puissances-regionales-pour-un-monde-plus-equilibre","status":"publish","type":"post","link":"https:\/\/www.worldpolicyconference.com\/fr\/favoriser-les-puissances-regionales-pour-un-monde-plus-equilibre\/","title":{"rendered":"Favoriser les puissances r\u00e9gionales pour un monde plus \u00e9quilibr\u00e9"},"content":{"rendered":"<p><\/p>\n<p style=\"text-align: justify;\">C&rsquo;est par un discours de la pr\u00e9sidente de la R\u00e9publique de Cor\u00e9e du Sud, Mme Park Geun-hye, que la World Policy Conference (WPC) entamera ses travaux lundi matin \u00e0 9 heures (\u00e0 2 heures du matin dans la nuit de dimanche \u00e0 lundi, heure de Beyrouth) dans le cadre merveilleux du somptueux h\u00f4tel Conrad de S\u00e9oul, \u00e9difi\u00e9 en bordure du fleuve Han, dans le nouveau quartier d&rsquo;affaires aux imposantes tours modernes qui rappellent par leur architecture celles du quartier de La D\u00e9fense, \u00e0 Paris. La s\u00e9ance inaugurale de cette 7e \u00e9dition de la WPC sera \u00e9galement marqu\u00e9e par une intervention de M. Thierry de Montbrial, directeur g\u00e9n\u00e9ral de l&rsquo;Ifri (Institut fran\u00e7ais des relations internationales) et principal initiateur de la WPC, qu&rsquo;il a lanc\u00e9e en 2008.<\/p>\n<p><\/p>","protected":false},"excerpt":{"rendered":"<p>C&rsquo;est par un discours de la pr\u00e9sidente de la R\u00e9publique de Cor\u00e9e du Sud, Mme Park Geun-hye, que la World Policy Conference (WPC) entamera ses travaux lundi matin \u00e0 9<\/p>\n","protected":false},"author":3,"featured_media":0,"comment_status":"closed","ping_status":"open","sticky":false,"template":"","format":"standard","meta":{"footnotes":""},"categories":[4],"tags":[19],"class_list":["post-3876","post","type-post","status-publish","format-standard","hentry","category-press-review","tag-19"],"_links":{"self":[{"href":"https:\/\/www.worldpolicyconference.com\/fr\/wp-json\/wp\/v2\/posts\/3876","targetHints":{"allow":["GET"]}}],"collection":[{"href":"https:\/\/www.worldpolicyconference.com\/fr\/wp-json\/wp\/v2\/posts"}],"about":[{"href":"https:\/\/www.worldpolicyconference.com\/fr\/wp-json\/wp\/v2\/types\/post"}],"author":[{"embeddable":true,"href":"https:\/\/www.worldpolicyconference.com\/fr\/wp-json\/wp\/v2\/users\/3"}],"replies":[{"embeddable":true,"href":"https:\/\/www.worldpolicyconference.com\/fr\/wp-json\/wp\/v2\/comments?post=3876"}],"version-history":[{"count":0,"href":"https:\/\/www.worldpolicyconference.com\/fr\/wp-json\/wp\/v2\/posts\/3876\/revisions"}],"wp:attachment":[{"href":"https:\/\/www.worldpolicyconference.com\/fr\/wp-json\/wp\/v2\/media?parent=3876"}],"wp:term":[{"taxonomy":"category","embeddable":true,"href":"https:\/\/www.worldpolicyconference.com\/fr\/wp-json\/wp\/v2\/categories?post=3876"},{"taxonomy":"post_tag","embeddable":true,"href":"https:\/\/www.worldpolicyconference.com\/fr\/wp-json\/wp\/v2\/tags?post=3876"}],"curies":[{"name":"wp","href":"https:\/\/api.w.org\/{rel}","templated":true}]}}