{"id":4068,"date":"2014-12-10T17:40:32","date_gmt":"2014-12-10T16:40:32","guid":{"rendered":"http:\/\/www.worldpolicyconference.com\/?p=4068"},"modified":"2015-01-13T17:41:27","modified_gmt":"2015-01-13T16:41:27","slug":"etat-islamique-le-probleme-est-a-damas","status":"publish","type":"post","link":"https:\/\/www.worldpolicyconference.com\/fr\/etat-islamique-le-probleme-est-a-damas\/","title":{"rendered":"Etat islamique : \u00ab Le probl\u00e8me est \u00e0 Damas \u00bb"},"content":{"rendered":"<p>Ancien chef des services de renseignement saoudiens, ex-ambassadeur \u00e0 Londres et \u00e0 Washington, le prince Turki Al-Faysal dirige le Centre du roi Faysal pour la recherche et les \u00e9tudes islamiques, \u00e0 Riyad. L\u2019Arabie saoudite fait partie des pays arabes participant \u00e0 la coalition, sous \u00e9gide am\u00e9ricaine, contre l\u2019Etat islamique (EI). Ses avions de chasse bombardent la Syrie mais ne prennent pas part aux op\u00e9rations en Irak. Turki Al-Faysal, qui participe cette semaine \u00e0 l\u2019\u00e9dition 2014 de la World Policy Conference, \u00e0 S\u00e9oul, revient pour <i>Le Monde<\/i> sur la position de son pays dans la lutte contre l\u2019EI et sur l\u2019Iran.<\/p>\n<p>Quelles sont les racines de l\u2019Etat islamique\u00a0?<\/p>\n<p><b>Turki Al-Faysal<\/b> Vous appelez ces gens Daech [acronyme arabe de l\u2019Etat islamique], moi je les appelle Fahech [un jeu de mot qui fait r\u00e9f\u00e9rence \u00e0 <i>fahch<\/i>, qui signifie \u00ab\u00a0p\u00e9ch\u00e9 mortel\u00a0\u00bb], c\u2019est-\u00e0-dire le pire du pire. Je ne veux pas leur faire l\u2019honneur de les appeler \u00ab\u00a0Etat\u00a0\u00bb. Ce n\u2019est pas un ph\u00e9nom\u00e8ne nouveau. Avant il y a eu Al-Qaida et, encore avant, les groupes terroristes palestiniens. Mais si l\u2019on ne traite que le sympt\u00f4me et pas la maladie, il y aura d\u2019autres sympt\u00f4mes. Tout le monde conna\u00eet nos probl\u00e8mes au Moyen-Orient\u00a0: tant que les territoires palestiniens restent occup\u00e9s, tant qu\u2019on se tait face au massacre de 200\u00a0000 civils en Syrie, tant que l\u2019Irak est divis\u00e9 selon des lignes confessionnelles, il y aura toujours des gens pour les exploiter.<\/p>\n<p>Quelle est la solution alors\u00a0?<\/p>","protected":false},"excerpt":{"rendered":"<p>Ancien chef des services de renseignement saoudiens, ex-ambassadeur \u00e0 Londres et \u00e0 Washington, le prince Turki Al-Faysal dirige le Centre du roi Faysal pour la recherche et les \u00e9tudes islamiques,<\/p>\n","protected":false},"author":3,"featured_media":0,"comment_status":"closed","ping_status":"open","sticky":false,"template":"","format":"standard","meta":{"footnotes":""},"categories":[4],"tags":[19],"class_list":["post-4068","post","type-post","status-publish","format-standard","hentry","category-press-review","tag-19"],"_links":{"self":[{"href":"https:\/\/www.worldpolicyconference.com\/fr\/wp-json\/wp\/v2\/posts\/4068","targetHints":{"allow":["GET"]}}],"collection":[{"href":"https:\/\/www.worldpolicyconference.com\/fr\/wp-json\/wp\/v2\/posts"}],"about":[{"href":"https:\/\/www.worldpolicyconference.com\/fr\/wp-json\/wp\/v2\/types\/post"}],"author":[{"embeddable":true,"href":"https:\/\/www.worldpolicyconference.com\/fr\/wp-json\/wp\/v2\/users\/3"}],"replies":[{"embeddable":true,"href":"https:\/\/www.worldpolicyconference.com\/fr\/wp-json\/wp\/v2\/comments?post=4068"}],"version-history":[{"count":0,"href":"https:\/\/www.worldpolicyconference.com\/fr\/wp-json\/wp\/v2\/posts\/4068\/revisions"}],"wp:attachment":[{"href":"https:\/\/www.worldpolicyconference.com\/fr\/wp-json\/wp\/v2\/media?parent=4068"}],"wp:term":[{"taxonomy":"category","embeddable":true,"href":"https:\/\/www.worldpolicyconference.com\/fr\/wp-json\/wp\/v2\/categories?post=4068"},{"taxonomy":"post_tag","embeddable":true,"href":"https:\/\/www.worldpolicyconference.com\/fr\/wp-json\/wp\/v2\/tags?post=4068"}],"curies":[{"name":"wp","href":"https:\/\/api.w.org\/{rel}","templated":true}]}}