{"id":4071,"date":"2014-12-09T17:44:27","date_gmt":"2014-12-09T16:44:27","guid":{"rendered":"http:\/\/www.worldpolicyconference.com\/?p=4071"},"modified":"2019-09-28T09:44:22","modified_gmt":"2019-09-28T08:44:22","slug":"10-choses-a-savoir-sur-la-world-policy-conference","status":"publish","type":"post","link":"https:\/\/www.worldpolicyconference.com\/fr\/10-choses-a-savoir-sur-la-world-policy-conference\/","title":{"rendered":"10 choses \u00e0 savoir sur la World Policy Conference"},"content":{"rendered":"<p>L&rsquo;\u00e9v\u00e9nement dont \u00ab\u00a0l&rsquo;Obs\u00a0\u00bb est partenaire, r\u00e9unit \u00e0 S\u00e9oul 300 d\u00e9cideurs, diplomates et experts en relations internationales. Un club tr\u00e8s francophile.<\/p>\n<p>Thierry de Montbrial, fondateur et pr\u00e9sident de la World Policy Conference, en 2013. (AFP)VALERY HACHE)<\/p>\n<p>&nbsp;<\/p>\n<p>&nbsp;<\/p>\n<div>\n<p>Top of Form<\/p>\n<\/div>\n<div>\n<p>Bottom of Form<\/p>\n<\/div>\n<p>Du\u00a08 au 11 d\u00e9cembre, 300 d\u00e9cideurs se rencontrent en Cor\u00e9e du Sud pour d\u00e9battre des d\u00e9fis de la mondialisation.\u00a0Fa\u00e7on Davos, mais avec une vision du monde qui se veut plus altruiste. \u00ab\u00a0L&rsquo;Obs\u00a0\u00bb est partenaire. Explication en 10 points.<\/p>\n<p>1THIERRY DE MONTBRIAL<\/p>\n<p>Sans ce polytechnicien, infatigable globe trotter, la World Policy Conference \u2013WPC &#8211; n\u2019aurait pas vu le jour. Surtout ne l\u2019appelez pas World Policy \u00ab\u00a0Forum\u00a0\u00bb (comme l\u2019a malencontreusement \u00e9crit un grand quotidien \u00e9conomique fran\u00e7ais il y a quelques jours), rien n\u2019agace plus son fondateur. Montbrial ne veut surtout pas que l\u2019on confonde sa \u00ab\u00a0Conf\u00e9rence\u00a0\u00bb avec le \u00ab\u00a0Forum\u00a0\u00bb de Davos.<\/p>\n<p>Nous sommes un club de 300 personnes, Davos est devenu une foire avec des milliers de participants\u00a0\u00bb, pr\u00e9cise-t-il.<\/p>\n<p>2<b>MONDIALISATION<\/b><\/p>\n<p>La WPC et Davos n\u2019ont pas non plus la m\u00eame vision du monde. Thierry de Montbrial ne croit pas \u00e0 \u00a0\u00ab\u00a0la mondialisation comme la voit le politologue Fukuyama, qui se r\u00e9sume en une \u00e9quation\u00a0: d\u00e9mocratie + \u00e9conomie de march\u00e9 = paix et prosp\u00e9rit\u00e9\u00a0\u00bb. Encore moins au \u00ab\u00a0monde plat\u00a0\u00bb o\u00f9 tous les pays seraient interchangeables, que d\u00e9crit l\u2019\u00e9conomiste am\u00e9ricain Tom Friedman.<\/p>\n<p>La gouvernance mondiale ne doit pas avoir pour objectif \u00a0un monde uniforme mais l\u2019ouverture et une tol\u00e9rance pour les diff\u00e9rences\u00a0\u00bb, assure-t-il.<\/p>\n<p>3<b>BILDERBERG<\/b><\/p>\n<p>C\u2019est la r\u00e9f\u00e9rence de Thierry de Montbrial, qui a fait partie pendant 40\u00a0ans du comit\u00e9 directeur de ce club qui r\u00e9unit secr\u00e8tement des dirigeants mondiaux, des d\u00e9cideurs politiques, des dirigeants \u00e9conomiques (grands patrons mais aussi syndicalistes) et des journalistes pour confronter leurs id\u00e9es. Mais en 2008, il a estim\u00e9 qu\u2019il avait la place pour un autre format de rencontre\u00a0: plus global, moins transatlantique et surtout ouvert \u00e0 la presse.<\/p>\n<p>Cette transparence a un avantage\u00a0: on ne peut pas nous accuser de complot\u00a0\u00bb, sourit-il.<\/p>\n<p>Elle d\u00e9samorce la machine \u00e0 fantasmes.<\/p>\n<p>4<b>SEOUL<\/b><\/p>\n<p>L\u2019\u00e9dition 2014 de la WPC se d\u00e9roule \u00e0 S\u00e9oul avec la pr\u00e9sidente de la Cor\u00e9e du Sud Park Geun-Hye en invit\u00e9e vedette et son ministre des Affaires \u00e9trang\u00e8res en h\u00f4te de marque. Pourquoi S\u00e9oul\u00a0? Parce que la Cor\u00e9e est une puissance moyenne qui veut compter sur la sc\u00e8ne internationale. Un peu comme la France, sourit Thierry de Montbrial.<\/p>\n<p>&nbsp;<\/p>\n<p>La septi\u00e8me puissance \u00e9conomique mondiale, premier pays \u00e9mergent \u00e0 avoir accueilli le G20, s\u2019en donne les moyens, notamment en formant des diplomates de grande qualit\u00e9. M\u00eame si S\u00e9oul reste indissociable de Washington sur la sc\u00e8ne mondiale, elle s\u2019int\u00e9resse \u00e0 l\u2019approche europ\u00e9enne des probl\u00e8mes et regarde de pr\u00e8s l\u2019exp\u00e9rience de r\u00e9unification allemande, pour projeter les effets \u2013 et surtout les co\u00fbts &#8211; d\u2019une r\u00e9union avec la Cor\u00e9e du Nord.<\/p>\n<p>5MONTREUX<\/p>\n<p>Chut\u00a0! C\u2019est encore secret\u2026 La WPC se veut itin\u00e9rante et n\u2019a pas encore d\u00e9voil\u00e9 o\u00f9 elle se r\u00e9unirait en 2015. Mais apr\u00e8s la France, Monaco, l\u2019Autriche, le Maroc et S\u00e9oul, elle pourrait bien prendre le chemin de la Suisse.<\/p>\n<p>6IFRI<\/p>\n<p>Sans ce\u00a0<i>think tank<\/i>, r\u00e9guli\u00e8rement class\u00e9 comme le club de r\u00e9flexion fran\u00e7ais le plus influent au niveau diplomatique, la WPC n\u2019existerait pas. Cr\u00e9\u00e9 par Thierry de Montbrial en 1979, l&rsquo;Institut fran\u00e7ais des relations internationales compte 52 collaborateurs et une trentaine de chercheurs en g\u00e9opolitique, dont les travaux nourrissent la Conf\u00e9rence.<\/p>\n<p>7ALTESSE<\/p>\n<p>Le prince saoudien Turki Al Faisal, ancien chef des services de renseignements saoudiens et ambassadeur \u00e0 Washington, d\u00e9j\u00e0 pr\u00e9sent \u00e0 Monaco, fait son retour \u00e0 la WPC. L\u2019an dernier, celui qui a \u00e9t\u00e9 longtemps proche de la famille Ben Laden, avait d\u00e9fray\u00e9 la chronique en critiquant l\u2019administration Obama, accus\u00e9e de n\u00e9gocier avec l\u2019Iran dans le dos de l\u2019Arabie Saoudite. A l\u2019heure o\u00f9 Daech \u2013 acronyme arabe de l\u2019Etat islamique en Irak et au Levant &#8211; fait trembler l\u2019Occident, l\u2019intervention du Pr\u00e9sident du Centre du Roi Fay\u00e7al pour la recherche et les \u00e9tudes islamiques sera une des plus courues.<\/p>\n<p>8RUSSIE<\/p>\n<p>Surtout ne dites pas aux proches de Thierry de Montbrial qu\u2019une vilaine rumeur soup\u00e7onne la WPC et l\u2019Ifri d\u2019\u00eatre financ\u00e9s par des capitaux russes, rien ne les horripile davantage que les soup\u00e7ons sur leur ind\u00e9pendance. Cot\u00e9 Ifri, le directeur ex\u00e9cutif, Dominique David est formel\u00a0:<\/p>\n<p>Il n\u2019y a pas un euro d\u2019argent russe et c\u2019est v\u00e9rifiable.\u00a0\u00bb<\/p>\n<p>C\u00f4t\u00e9 WPC, beaucoup de sponsors fran\u00e7ais et cor\u00e9ens, voire marocain, libanais ou roumains. Seule trace d\u2019argent russe, l\u2019apport (\u00ab\u00a0limit\u00e9\u00a0\u00bb pr\u00e9cise Dominique David) d\u2019une filiale de Rusal. \u00ab\u00a0L\u2019Obs\u00a0\u00bb est l\u2019un des m\u00e9dias partenaires de la conf\u00e9rence.<\/p>\n<p>9DIALOGUE<\/p>\n<p>A tous ceux qui le soup\u00e7onnent d\u2019\u00eatre pro-russe, Montbrial r\u00e9pond par un sourire, en rappelant que lorsqu\u2019il faisait partie de la Trilat\u00e9rale \u2013 comme son mentor Raymond Barre &#8211; regroupant les Etats-Unis, le Canada, l\u2019Europe et le Japon, on lui reprochait d\u2019\u00eatre atlantiste. Aujourd\u2019hui, ce serait l\u2019inverse\u00a0! Lui se d\u00e9finit comme un adepte du dialogue\u00a0:<\/p>\n<p>Il faut parler avec tout le monde, comprendre le point de vue de l\u2019autre.\u00a0\u00bb<\/p>\n<p>Il refuse que l\u2019on coupe les ponts, situation qui m\u00e8ne \u00e0 des catastrophes, et se r\u00e9jouit donc que\u00a0<a href=\"http:\/\/tempsreel.nouvelobs.com\/monde\/20141206.OBS7178\/hollande-a-moscou-nous-devons-eviter-qu-il-y-ait-d-autres-murs-qui-viennent-nous-separer.html\" target=\"_blank\" rel=\"noopener\">Fran\u00e7ois Hollande soit all\u00e9 \u00e0 Moscou le 6 d\u00e9cembre<\/a>. La crise ukrainienne fait partie des sujets centraux qui seront abord\u00e9s \u00e0 la WPC.<\/p>\n<p>10SPIRITUALITE<\/p>\n<p>Ce sera le th\u00e8me du prochain livre de Thierry de Montbrial, 71 ans, \u00ab\u00a0la Goutte d\u2019eau et l\u2019oc\u00e9an\u00a0\u00bb, \u00e0 para\u00eetre en mars. On n\u2019en saura pas plus sur la qu\u00eate de celui qui refuse le cynisme et revendique la \u00ab\u00a0na\u00efvet\u00e9 de l\u2019enfance\u00a0\u00bb, citant Bernanos. Son \u00e9pouse, Marie-Christine, productrice de cin\u00e9ma, publiera au m\u00eame moment \u00ab\u00a0Cadavres exquis dans le septi\u00e8me art\u00a0\u00bb, qui met en sc\u00e8ne quatre producteurs au destin tragique\u00a0: David Selznick, Lew Wasserman, G\u00e9rard Leibovici et Daniel Toscan du Plantier.<\/p>\n<p>&nbsp;<\/p>","protected":false},"excerpt":{"rendered":"<p>L&rsquo;\u00e9v\u00e9nement dont \u00ab\u00a0l&rsquo;Obs\u00a0\u00bb est partenaire, r\u00e9unit \u00e0 S\u00e9oul 300 d\u00e9cideurs, diplomates et experts en relations internationales. Un club tr\u00e8s francophile. Thierry de Montbrial, fondateur et pr\u00e9sident de la World Policy<\/p>\n","protected":false},"author":3,"featured_media":0,"comment_status":"closed","ping_status":"open","sticky":false,"template":"","format":"standard","meta":{"footnotes":""},"categories":[4],"tags":[19],"class_list":["post-4071","post","type-post","status-publish","format-standard","hentry","category-press-review","tag-19"],"_links":{"self":[{"href":"https:\/\/www.worldpolicyconference.com\/fr\/wp-json\/wp\/v2\/posts\/4071","targetHints":{"allow":["GET"]}}],"collection":[{"href":"https:\/\/www.worldpolicyconference.com\/fr\/wp-json\/wp\/v2\/posts"}],"about":[{"href":"https:\/\/www.worldpolicyconference.com\/fr\/wp-json\/wp\/v2\/types\/post"}],"author":[{"embeddable":true,"href":"https:\/\/www.worldpolicyconference.com\/fr\/wp-json\/wp\/v2\/users\/3"}],"replies":[{"embeddable":true,"href":"https:\/\/www.worldpolicyconference.com\/fr\/wp-json\/wp\/v2\/comments?post=4071"}],"version-history":[{"count":0,"href":"https:\/\/www.worldpolicyconference.com\/fr\/wp-json\/wp\/v2\/posts\/4071\/revisions"}],"wp:attachment":[{"href":"https:\/\/www.worldpolicyconference.com\/fr\/wp-json\/wp\/v2\/media?parent=4071"}],"wp:term":[{"taxonomy":"category","embeddable":true,"href":"https:\/\/www.worldpolicyconference.com\/fr\/wp-json\/wp\/v2\/categories?post=4071"},{"taxonomy":"post_tag","embeddable":true,"href":"https:\/\/www.worldpolicyconference.com\/fr\/wp-json\/wp\/v2\/tags?post=4071"}],"curies":[{"name":"wp","href":"https:\/\/api.w.org\/{rel}","templated":true}]}}