{"id":4073,"date":"2014-12-12T17:46:33","date_gmt":"2014-12-12T16:46:33","guid":{"rendered":"http:\/\/www.worldpolicyconference.com\/?p=4073"},"modified":"2015-01-13T17:47:20","modified_gmt":"2015-01-13T16:47:20","slug":"climat-vers-un-accord-a-minima-a-lima","status":"publish","type":"post","link":"https:\/\/www.worldpolicyconference.com\/fr\/climat-vers-un-accord-a-minima-a-lima\/","title":{"rendered":"Climat : vers un accord a minima \u00e0 Lima"},"content":{"rendered":"<p>La conf\u00e9rence de l\u2019Onu sur le climat a \u00e9t\u00e9 prolong\u00e9e d\u2019une journ\u00e9e ce samedi. Les dossiers les plus importants pourraient n&rsquo;\u00eatre r\u00e9gl\u00e9s qu&rsquo;\u00e0 Paris, en 2015.<\/p>\n<p>Les n\u00e9gociations sont difficiles. Apr\u00e8s une nuit de consultations, les n\u00e9gociateurs ont repris samedi \u00e0 Lima les discussions avec l&rsquo;espoir d&rsquo;arracher un compromis sur les engagements que les pays devront prendre courant 2015 pour ouvrir la voie \u00e0 un accord ambitieux \u00e0 Paris afin de lutter contre le r\u00e9chauffement.<\/p>\n<p>La Conf\u00e9rence de l&rsquo;ONU sur le climat, qui a commenc\u00e9 le 1er d\u00e9cembre, a vu jusqu&rsquo;au dernier jour initialement pr\u00e9vu, vendredi, les pays d\u00e9velopp\u00e9s et les pays en d\u00e9veloppement s&rsquo;affronter.<\/p>\n<p>Les d\u00e9l\u00e9gu\u00e9s aux traits tir\u00e9s apr\u00e8s deux semaines de pourparlers et une nuit tr\u00e8s courte ont repris place en s\u00e9ance pl\u00e9ni\u00e8re, peu avant 11H00 locales, dans l&rsquo;une des grandes tentes blanches provisoires dress\u00e9es pour la conf\u00e9rence sur le site du Pentagonito, le minist\u00e8re p\u00e9ruvien de la D\u00e9fense.<\/p>\n<p>L&rsquo;accord esp\u00e9r\u00e9 \u00e0 Lima d&rsquo;ici quelques heures doit donner un cadre g\u00e9n\u00e9ral aux contributions : p\u00e9rim\u00e8tre, contenu, mode d&rsquo;\u00e9valuation. Une adoption par consensus d&rsquo;un texte est absolument n\u00e9cessaire, mais semblait encore lointaine apr\u00e8s les premi\u00e8res interventions en s\u00e9ance.<\/p>\n<p><i>\u00ab\u00a0Il sera difficile d&rsquo;accepter des contributions sans mention des financements (dans les contributions des pays d\u00e9velopp\u00e9s)\u00a0\u00bb, a d\u00e9clar\u00e9 le repr\u00e9sentant du Soudan, au nom du groupe Afrique. \u00ab\u00a0Notre groupe est inquiet (&#8230;) et ne sera pas en mesure de poursuivre \u00e0 partir de ce qui a \u00e9t\u00e9 mis sur la table\u00a0\u00bb,<\/i>\u00a0a-t-il estim\u00e9.<\/p>\n<p><i>\u00ab\u00a0Les lignes rouges ne sont malheureusement pas \u00e9voqu\u00e9es dans ce texte\u00a0\u00bb,\u00a0<\/i>a \u00e9galement lanc\u00e9 le repr\u00e9sentant de la Malaisie.<i>\u00a0\u00ab\u00a0Les contributions doivent tenir compte de l&rsquo;adaptation (&#8230;)<\/i>, a-t-il d\u00e9plor\u00e9.<\/p>\n<p>Si un accord sur les contributions nationales n&rsquo;\u00e9tait pas trouv\u00e9 \u00e0 Lima, cette 20e conf\u00e9rence de l&rsquo;ONU sur le climat n&rsquo;aura pas tenu ses promesses, alors que le compte \u00e0 rebours pour parvenir dans un an \u00e0 accord engageant l&rsquo;ensemble des pays est amorc\u00e9.<\/p>\n<p>Les pays riches souhaitent que les engagements, ou contributions nationales, soient centr\u00e9s sur les r\u00e9ductions d&rsquo;\u00e9missions de gaz \u00e0 effet de serre et qu&rsquo;ils s&rsquo;appuient sur des informations pr\u00e9cises et transparentes, pour rendre possible une \u00e9valuation.<\/p>\n<p>De nombreux pays du Sud &#8211; surtout le groupe Afrique, les petits Etats insulaires, l&rsquo;Arabie saoudite, les Philippines &#8211; ne sont pr\u00eats \u00e0 des engagements pr\u00e9cis sur les trajectoires de r\u00e9duction d&rsquo;\u00e9missions qu&rsquo;en \u00e9change de garanties financi\u00e8res pour atteindre ces objectifs, comme pour s&rsquo;adapter au r\u00e9chauffement et \u00e0 ses impacts grandissants.<\/p>\n<p><b>Un manque d&rsquo;ambition ?<\/b><\/p>\n<p>La Chine et l&rsquo;Inde, premier et quatri\u00e8me \u00e9metteur dans le monde, sont quant \u00e0 elles oppos\u00e9es \u00e0 un syst\u00e8me d&rsquo;\u00e9valuation trop contraignant.<\/p>\n<p>Les contributions doivent faire \u00e9tat des objectifs nationaux de r\u00e9duction pour qu&rsquo;au niveau global, les \u00e9missions baissent de 40 \u00e0 70% d&rsquo;ici \u00e0 2050, une n\u00e9cessit\u00e9 pour parvenir \u00e0 limiter \u00e0 2\u00b0C la hausse de la temp\u00e9rature de la plan\u00e8te.<\/p>\n<p>Au-del\u00e0 de ce seuil, les scientifiques estiment que les impacts seraient graves et irr\u00e9versibles, et mettraient en danger de nombreuses populations.<\/p>\n<p>Le nouveau texte pr\u00e9sent\u00e9 samedi\u00a0<i>\u00ab\u00a0appelle avec insistance\u00a0\u00bb<\/i>\u00a0les pays d\u00e9velopp\u00e9s \u00e0 des\u00a0<i>\u00ab\u00a0actions ambitieuses de r\u00e9duction et d&rsquo;adaptation, en particulier en direction des pays les plus vuln\u00e9rables face au changement climatique\u00a0\u00bb.<\/i>\u00a0Ce n&rsquo;est sans doute pas la feuille de route esp\u00e9r\u00e9e par les pays en d\u00e9veloppement sur les financements promis. La barre de 100 milliards de dollars d&rsquo;aide annuelle en 2020 doit \u00eatre atteinte, mais le chemin pour y parvenir reste flou.<\/p>\n<p>Le p\u00e9rim\u00e8tre obligatoire des contributions, qui restent une d\u00e9marche volontaire, demeure vague et mentionne l&rsquo;adaptation et des moyens de mises en oeuvre, outre la r\u00e9duction des \u00e9missions.<\/p>\n<p>L&rsquo;article 12 pr\u00e9cise que les informations suivantes devront \u00eatre pr\u00e9sent\u00e9es : objectifs, ann\u00e9e de r\u00e9f\u00e9rence, calendrier de mise en oeuvre, m\u00e9thodologie adopt\u00e9e et des arguments sur l&rsquo;\u00e9quit\u00e9 et le niveau d&rsquo;ambition de la contribution.<\/p>\n<p>Quant \u00e0 l&rsquo;\u00e9valuation, elle devra avoir lieu au cours d&rsquo;une r\u00e9union interm\u00e9diaire dans les n\u00e9gociations, \u00e0 Bonn en juin 2015, dans<i>\u00a0\u00ab\u00a0le respect de la souverainet\u00e9 nationale\u00a0\u00bb<\/i>. Le texte ne fait pas mention de l&rsquo;agr\u00e9gation des contributions par rapport \u00e0 l&rsquo;objectif de 2\u00b0C.<\/p>\n<p><i>\u00ab\u00a0Ce texte ne comporte pratiquement rien pour les pays les plus pauvres et vuln\u00e9rables\u00a0\u00bb,<\/i>\u00a0a estim\u00e9 Harjeet Singh de l&rsquo;ONG ActionAid International.\u00a0<i>\u00ab\u00a0Les pays riches manquent \u00e0 leurs obligations, m\u00eame s&rsquo;ils font des tout petits pas dans la bonne direction\u00a0\u00bb,<\/i>\u00a0a ajout\u00e9 le militant indien.<\/p>\n<p>Matthieu Orphelin de la Fondation Nicolas Hulot a regrett\u00e9 que<i>\u00ab\u00a0les n\u00e9gociateurs soient un peu sous cloche\u00a0\u00bb dans l&rsquo;enceinte de la conf\u00e9rence\u00a0\u00bb<\/i>\u00a0et<i>\u00a0\u00ab\u00a0n&rsquo;entendent pas l&rsquo;urgence \u00e0 agir\u00a0\u00bb<\/i>\u00a0dict\u00e9e par la science et relay\u00e9e par la mobilisation de la soci\u00e9t\u00e9 civile.<\/p>\n<p><b>VIDEO\u00a0:<\/b><\/p>\n<p><b>http:\/\/videos.lesechos.fr\/3934173726001<\/b><\/p>\n<p>Christian Br\u00e9chot, directeur g\u00e9n\u00e9ral de l&rsquo;Institut Pasteur \u00e0 Paris, explique quelles sont les cons\u00e9quences du r\u00e9chauffement climatique sur la sant\u00e9 au XXI\u00e8me si\u00e8cle. Propos recueillis par Michel de Grandi \u00e0 la World Policy Conference de S\u00e9oul.<\/p>\n<p><b>Source AFP<\/b><\/p>","protected":false},"excerpt":{"rendered":"<p>La conf\u00e9rence de l\u2019Onu sur le climat a \u00e9t\u00e9 prolong\u00e9e d\u2019une journ\u00e9e ce samedi. Les dossiers les plus importants pourraient n&rsquo;\u00eatre r\u00e9gl\u00e9s qu&rsquo;\u00e0 Paris, en 2015. Les n\u00e9gociations sont difficiles.<\/p>\n","protected":false},"author":3,"featured_media":0,"comment_status":"closed","ping_status":"open","sticky":false,"template":"","format":"standard","meta":{"footnotes":""},"categories":[4],"tags":[19],"class_list":["post-4073","post","type-post","status-publish","format-standard","hentry","category-press-review","tag-19"],"_links":{"self":[{"href":"https:\/\/www.worldpolicyconference.com\/fr\/wp-json\/wp\/v2\/posts\/4073","targetHints":{"allow":["GET"]}}],"collection":[{"href":"https:\/\/www.worldpolicyconference.com\/fr\/wp-json\/wp\/v2\/posts"}],"about":[{"href":"https:\/\/www.worldpolicyconference.com\/fr\/wp-json\/wp\/v2\/types\/post"}],"author":[{"embeddable":true,"href":"https:\/\/www.worldpolicyconference.com\/fr\/wp-json\/wp\/v2\/users\/3"}],"replies":[{"embeddable":true,"href":"https:\/\/www.worldpolicyconference.com\/fr\/wp-json\/wp\/v2\/comments?post=4073"}],"version-history":[{"count":0,"href":"https:\/\/www.worldpolicyconference.com\/fr\/wp-json\/wp\/v2\/posts\/4073\/revisions"}],"wp:attachment":[{"href":"https:\/\/www.worldpolicyconference.com\/fr\/wp-json\/wp\/v2\/media?parent=4073"}],"wp:term":[{"taxonomy":"category","embeddable":true,"href":"https:\/\/www.worldpolicyconference.com\/fr\/wp-json\/wp\/v2\/categories?post=4073"},{"taxonomy":"post_tag","embeddable":true,"href":"https:\/\/www.worldpolicyconference.com\/fr\/wp-json\/wp\/v2\/tags?post=4073"}],"curies":[{"name":"wp","href":"https:\/\/api.w.org\/{rel}","templated":true}]}}