{"id":4092,"date":"2014-12-12T11:21:27","date_gmt":"2014-12-12T10:21:27","guid":{"rendered":"http:\/\/www.worldpolicyconference.com\/?p=4092"},"modified":"2015-01-14T11:22:10","modified_gmt":"2015-01-14T10:22:10","slug":"bakan-yardimcimiz-mehmet-ceylan-dunya-politika-konferansina-katildi","status":"publish","type":"post","link":"https:\/\/www.worldpolicyconference.com\/fr\/bakan-yardimcimiz-mehmet-ceylan-dunya-politika-konferansina-katildi\/","title":{"rendered":"Bakan Yard\u0131mc\u0131m\u0131z Mehmet CEYLAN, D\u00fcnya Politika Konferans\u0131na Kat\u0131ld\u0131"},"content":{"rendered":"<p>Bakan Yard\u0131mc\u0131m\u0131z Mehmet CEYLAN, G\u00fcney Kore\u2019nin ba\u015fkenti Seul\u2019de 8-10 Aral\u0131k 2014 tarihlerinde d\u00fczenlenen 7. D\u00fcnya Politika Konferans\u0131na (World Policy Conference-WPC) kat\u0131ld\u0131.<\/p>\n<p>Uluslararas\u0131 ili\u015fkiler alan\u0131nda bilimsel ara\u015ft\u0131rmalar y\u00fcr\u00fcten, konferans ve tart\u0131\u015fma forumlar\u0131 d\u00fczenleyen Frans\u0131z Uluslararas\u0131 \u0130li\u015fkiler Enstit\u00fcs\u00fc (\u00ab\u00a0Institut Fran\u00e7ais des Relations Internationales\u00a0\u00bb- IFRI) taraf\u0131ndan her y\u0131l ger\u00e7ekle\u015ftirilen toplant\u0131 marj\u0131nda, \u201cAvrupa ve Do\u011fu Asya\u2019da G\u00fcvenlik Y\u00f6neti\u015fimi\u201dnden, \u201cK\u00fcresel \u00c7er\u00e7evede Afrika\u201dya, \u201cAvrasya\u2019n\u0131n Jeopoliti\u011fi ve Jeoekonomisi\u201dnden \u201cTicaret ve Politika \u0130li\u015fkisi\u201dne kadar pek \u00e7ok uluslararas\u0131 konu ele al\u0131nd\u0131.<\/p>\n<p>Konferansta \u00fclkemizi Bakan Yard\u0131mc\u0131m\u0131z Mehmet CEYLAN temsil etti. Bakan Yard\u0131mc\u0131m\u0131z CEYLAN, ayr\u0131ca, toplant\u0131n\u0131n \u00fc\u00e7\u00fcnc\u00fc g\u00fcn\u00fcnde ger\u00e7ekle\u015ftirilen \u00d6\u011flen Oturumu\u2019nda bir konu\u015fma ger\u00e7ekle\u015ftirdi ve T\u00fcrkiye\u2019nin ge\u00e7ti\u011fimiz on y\u0131l i\u00e7erisinde edindi\u011fi kalk\u0131nma tecr\u00fcbesi ile ilgili olarak kat\u0131l\u0131mc\u0131lara bilgi verdi.<\/p>\n<p>Bu \u00e7er\u00e7evede Bakan Yard\u0131mc\u0131m\u0131z, makroekonomik g\u00f6stergeler, sosyal alanda yap\u0131lan reformlar, fiziksel altyap\u0131da yap\u0131lan iyile\u015ftirmeler, 10. Kalk\u0131nma Plan\u0131 ile D\u00f6n\u00fc\u015f\u00fcm Programlar\u0131, b\u00f6lgesel kalk\u0131nma ve kalk\u0131nma yard\u0131mlar\u0131nda ya\u015fanan art\u0131\u015f gibi hususlarda \u00f6nemli mesajlar verdi.<\/p>","protected":false},"excerpt":{"rendered":"<p>Bakan Yard\u0131mc\u0131m\u0131z Mehmet CEYLAN, G\u00fcney Kore\u2019nin ba\u015fkenti Seul\u2019de 8-10 Aral\u0131k 2014 tarihlerinde d\u00fczenlenen 7. D\u00fcnya Politika Konferans\u0131na (World Policy Conference-WPC) kat\u0131ld\u0131. Uluslararas\u0131 ili\u015fkiler alan\u0131nda bilimsel ara\u015ft\u0131rmalar y\u00fcr\u00fcten, konferans ve tart\u0131\u015fma<\/p>\n","protected":false},"author":3,"featured_media":0,"comment_status":"closed","ping_status":"open","sticky":false,"template":"","format":"standard","meta":{"footnotes":""},"categories":[4],"tags":[19],"class_list":["post-4092","post","type-post","status-publish","format-standard","hentry","category-press-review","tag-19"],"_links":{"self":[{"href":"https:\/\/www.worldpolicyconference.com\/fr\/wp-json\/wp\/v2\/posts\/4092","targetHints":{"allow":["GET"]}}],"collection":[{"href":"https:\/\/www.worldpolicyconference.com\/fr\/wp-json\/wp\/v2\/posts"}],"about":[{"href":"https:\/\/www.worldpolicyconference.com\/fr\/wp-json\/wp\/v2\/types\/post"}],"author":[{"embeddable":true,"href":"https:\/\/www.worldpolicyconference.com\/fr\/wp-json\/wp\/v2\/users\/3"}],"replies":[{"embeddable":true,"href":"https:\/\/www.worldpolicyconference.com\/fr\/wp-json\/wp\/v2\/comments?post=4092"}],"version-history":[{"count":0,"href":"https:\/\/www.worldpolicyconference.com\/fr\/wp-json\/wp\/v2\/posts\/4092\/revisions"}],"wp:attachment":[{"href":"https:\/\/www.worldpolicyconference.com\/fr\/wp-json\/wp\/v2\/media?parent=4092"}],"wp:term":[{"taxonomy":"category","embeddable":true,"href":"https:\/\/www.worldpolicyconference.com\/fr\/wp-json\/wp\/v2\/categories?post=4092"},{"taxonomy":"post_tag","embeddable":true,"href":"https:\/\/www.worldpolicyconference.com\/fr\/wp-json\/wp\/v2\/tags?post=4092"}],"curies":[{"name":"wp","href":"https:\/\/api.w.org\/{rel}","templated":true}]}}