{"id":4093,"date":"2014-12-10T11:22:23","date_gmt":"2014-12-10T10:22:23","guid":{"rendered":"http:\/\/www.worldpolicyconference.com\/?p=4093"},"modified":"2015-01-14T11:23:12","modified_gmt":"2015-01-14T10:23:12","slug":"dunya-politika-konferansi-3","status":"publish","type":"post","link":"https:\/\/www.worldpolicyconference.com\/fr\/dunya-politika-konferansi-3\/","title":{"rendered":"D\u00fcnya Politika Konferans\u0131"},"content":{"rendered":"<p>Kalk\u0131nma Bakan Yard\u0131mc\u0131s\u0131 Mehmet Ceylan,\u00a0Seul&rsquo;de yap\u0131lan 7. D\u00fcnya Politika Konferans\u0131&rsquo;nda\u00a0 yer ald\u0131 .<\/p>\n<p>Bakanl\u0131ktan gercekle\u015fen a\u00e7\u0131klamaya g\u00f6re\u00a0\u00a07. D\u00fcnya Politika Konferans\u0131\u00a0(World Policy Conference-WPC) \u00a08-10 Aral\u0131k&rsquo;ta G\u00fcney Kore&rsquo;nin ba\u015fkenti Seul&rsquo;de ger\u00e7ekle\u015ftirildi.<\/p>\n<p>Konferansta T\u00fcrkiye&rsquo;yi temsil eden\u00a0Ceylan, \u00fclkenin son\u00a010\u00a0 senede \u00a0edindi\u011fi kalk\u0131nma tecr\u00fcbesiyle\u00a0 alakal\u0131 \u00a0kat\u0131l\u0131mc\u0131lara veri (bilgi) verdi.<\/p>\n<p>Ceylan, konferans \u00e7er\u00e7evesinde yapm\u0131\u015f oldu\u011fu konu\u015fmada, makroekonomik g\u00f6stergeler, sosyal alanda gercekle\u015fen reformlar, fiziksel altyap\u0131da gercekle\u015fen iyile\u015ftirmeler, 10. Kalk\u0131nma Plan\u0131 ile d\u00f6n\u00fc\u015f\u00fcm programlar\u0131, b\u00f6lgesel kalk\u0131nma ve kalk\u0131nma yard\u0131mlar\u0131nda ya\u015fanan art\u0131\u015f gibi konularda de\u011ferlendirmelerde bulundu.<\/p>\n<p>Frans\u0131z Uluslararas\u0131 \u0130li\u015fkiler Enstit\u00fcs\u00fc taraf\u0131ndan her sene yap\u0131lan toplant\u0131da \u00ab\u00a0Avrupa ve Do\u011fu Asya&rsquo;da G\u00fcvenlik Y\u00f6neti\u015fiminden\u00a0\u00bb\u00a0\u00ab\u00a0K\u00fcresel \u00c7er\u00e7evede Afrika&rsquo;ya\u00a0\u00bb kadar pek \u00e7ok fazla uluslararas\u0131 konu\u00a0ele al\u0131nd\u0131. &#8211; Ba\u015fkent Ankara<\/p>","protected":false},"excerpt":{"rendered":"<p>Kalk\u0131nma Bakan Yard\u0131mc\u0131s\u0131 Mehmet Ceylan,\u00a0Seul&rsquo;de yap\u0131lan 7. D\u00fcnya Politika Konferans\u0131&rsquo;nda\u00a0 yer ald\u0131 . Bakanl\u0131ktan gercekle\u015fen a\u00e7\u0131klamaya g\u00f6re\u00a0\u00a07. D\u00fcnya Politika Konferans\u0131\u00a0(World Policy Conference-WPC) \u00a08-10 Aral\u0131k&rsquo;ta G\u00fcney Kore&rsquo;nin ba\u015fkenti Seul&rsquo;de ger\u00e7ekle\u015ftirildi. Konferansta<\/p>\n","protected":false},"author":3,"featured_media":0,"comment_status":"closed","ping_status":"open","sticky":false,"template":"","format":"standard","meta":{"footnotes":""},"categories":[4],"tags":[19],"class_list":["post-4093","post","type-post","status-publish","format-standard","hentry","category-press-review","tag-19"],"_links":{"self":[{"href":"https:\/\/www.worldpolicyconference.com\/fr\/wp-json\/wp\/v2\/posts\/4093","targetHints":{"allow":["GET"]}}],"collection":[{"href":"https:\/\/www.worldpolicyconference.com\/fr\/wp-json\/wp\/v2\/posts"}],"about":[{"href":"https:\/\/www.worldpolicyconference.com\/fr\/wp-json\/wp\/v2\/types\/post"}],"author":[{"embeddable":true,"href":"https:\/\/www.worldpolicyconference.com\/fr\/wp-json\/wp\/v2\/users\/3"}],"replies":[{"embeddable":true,"href":"https:\/\/www.worldpolicyconference.com\/fr\/wp-json\/wp\/v2\/comments?post=4093"}],"version-history":[{"count":0,"href":"https:\/\/www.worldpolicyconference.com\/fr\/wp-json\/wp\/v2\/posts\/4093\/revisions"}],"wp:attachment":[{"href":"https:\/\/www.worldpolicyconference.com\/fr\/wp-json\/wp\/v2\/media?parent=4093"}],"wp:term":[{"taxonomy":"category","embeddable":true,"href":"https:\/\/www.worldpolicyconference.com\/fr\/wp-json\/wp\/v2\/categories?post=4093"},{"taxonomy":"post_tag","embeddable":true,"href":"https:\/\/www.worldpolicyconference.com\/fr\/wp-json\/wp\/v2\/tags?post=4093"}],"curies":[{"name":"wp","href":"https:\/\/api.w.org\/{rel}","templated":true}]}}