{"id":4100,"date":"2014-12-10T11:30:10","date_gmt":"2014-12-10T10:30:10","guid":{"rendered":"http:\/\/www.worldpolicyconference.com\/?p=4100"},"modified":"2015-01-14T11:31:01","modified_gmt":"2015-01-14T10:31:01","slug":"le-rejet-de-la-tentation-theocratique-au-m-o-et-la-paix-regionale-au-centre-de-la-deuxieme-journee-de-la-wpc-a-seoul","status":"publish","type":"post","link":"https:\/\/www.worldpolicyconference.com\/fr\/le-rejet-de-la-tentation-theocratique-au-m-o-et-la-paix-regionale-au-centre-de-la-deuxieme-journee-de-la-wpc-a-seoul\/","title":{"rendered":"Le rejet de la tentation th\u00e9ocratique au M-O et la paix r\u00e9gionale, au centre de la deuxi\u00e8me journ\u00e9e de la WPC \u00e0 S\u00e9oul"},"content":{"rendered":"<p>La session sur le Moyen-Orient. De gauche \u00e0 droite, Dominique Mo\u00efsi, Ribal al-Assad, Sergei Karaganov, Miguel Angel Moratinos, Meir Sheetrit et Hubert V\u00e9drine.<\/p>\n<p><b>D\u00c9BAT<\/b><\/p>\n<p>Le probl\u00e8me du P-O et les crises existentielles qui secouent la r\u00e9gion ont marqu\u00e9, hier, la deuxi\u00e8me journ\u00e9e de la World Policy Conference qui poursuit ses travaux jusqu&rsquo;\u00e0 demain.<\/p>\n<p><a href=\"http:\/\/www.lorientlejour.com\/author\/4166-S%C3%89OUL,-de-Michel-TOUMA\"><b><i>S\u00c9OUL, de Michel TOUMA<\/i><\/b><\/a><b><i>\u00a0<\/i><\/b><b><i>| OLJ<\/i><\/b><\/p>\n<p>10\/12\/2014<\/p>\n<p>Apr\u00e8s la journ\u00e9e \u00ab\u00a0asiatique\u00a0\u00bb qui a marqu\u00e9 l&rsquo;ouverture des travaux et les premi\u00e8res sessions, lundi dernier, de la 7e \u00e9dition de la World Policy Conference (WPC) qui se tient \u00e0 S\u00e9oul (voir L&rsquo;Orient-Le Jour\u00a0<a href=\"http:\/\/www.lorientlejour.com\/article\/899846\/favoriser-les-puissances-regionales-pour-un-monde-plus-equilibre.html\" target=\"_blank\">des lundi 8<\/a>\u00a0et<a href=\"http:\/\/www.lorientlejour.com\/article\/900021\/le-premier-jour-des-travaux-de-la-wpc-a-seoul-pour-un-systeme-de-securite-en-asie-de-lest.html\" target=\"_blank\">mardi 9 d\u00e9cembre<\/a>), la journ\u00e9e d&rsquo;hier, mardi, a \u00e9t\u00e9 consacr\u00e9e dans une large mesure au Moyen-Orient, parall\u00e8lement \u00e0 trois ateliers de travail, tr\u00e8s techniques, tenus dans la matin\u00e9e et qui ont port\u00e9 sur les th\u00e8mes suivants\u00a0: \u00e9tat de l&rsquo;\u00e9conomie et de la finance mondiales ; \u00e9nergie, changement climatique et environnement ; agro-industrie en Afrique et en Asie.<br \/>\nLa session sur le Moyen-Orient a \u00e9t\u00e9 ax\u00e9e, \u00e0 l&rsquo;\u00e9vidence, sur le dossier iranien, les perspectives de paix isra\u00e9lo-palestinienne, la situation en Syrie et en Irak et la menace terroriste, illustr\u00e9e notamment par l&rsquo;\u00e9mergence de \u00ab\u00a0l&rsquo;\u00c9tat islamique\u00a0\u00bb (Daech). Pour d\u00e9battre de ces sujets explosifs, les responsables de la WPC avaient pr\u00e9vu un panel form\u00e9 de personnalit\u00e9s aussi prestigieuses que l&rsquo;ancien chef du Quai d&rsquo;Orsay, Hubert V\u00e9drine, l&rsquo;ancien ministre espagnol des Affaires \u00e9trang\u00e8res et ancien repr\u00e9sentant sp\u00e9cial de l&rsquo;Union europ\u00e9enne pour le processus de paix au Proche-Orient, Miguel Angel Moratinos, le d\u00e9put\u00e9 isra\u00e9lien (de gauche) Meir Sheetrit, le pr\u00e9sident d&rsquo;honneur du Conseil non gouvernemental pour la politique \u00e9trang\u00e8re et de d\u00e9fense de la Russie, Sergei Karaganov, et M. Ribal al-Assad, fondateur et directeur de l&rsquo;Association pour la d\u00e9mocratie et la libert\u00e9 en Syrie (opposition syrienne lib\u00e9rale).<br \/>\nLe d\u00e9bat \u00e9tait dirig\u00e9 par M. Dominique Mo\u00efsi, conseiller sp\u00e9cial \u00e0 l&rsquo;Institut fran\u00e7ais des relations internationales (Ifri) qui a ouvert la session en relevant d&#8217;embl\u00e9e que la conjoncture pr\u00e9sente au Moyen-Orient est marqu\u00e9e par trois facteurs\u00a0: l&rsquo;\u00e9clatement des pays ; la radicalisation ; et l&rsquo;expansion g\u00e9ographique, en ce sens que le Moyen-Orient est devenu un \u00ab\u00a0\u00e9tat d&rsquo;esprit\u00a0\u00bb qui pousse de nombreux jeunes Europ\u00e9ens et Am\u00e9ricains \u00e0 se joindre aux jihadistes en Syrie avec l&rsquo;id\u00e9e que tuer est en quelque sorte une fa\u00e7on de s&rsquo;affirmer. Abordant le cas de l&rsquo;Iran, M. Mo\u00efsi s&rsquo;est demand\u00e9 si l&rsquo;Occident n&rsquo;a pas surestim\u00e9 l&rsquo;influence politique r\u00e9elle du courant mod\u00e9r\u00e9 iranien.<br \/>\nPremier \u00e0 prendre la parole au cours de ce d\u00e9bat, M. Hubert V\u00e9drine a relev\u00e9 d&rsquo;entr\u00e9e de jeu, fort \u00e0 propos, que les crises auxquelles le Moyen-Orient est confront\u00e9 ne datent pas d&rsquo;aujourd&rsquo;hui, mais leurs racines remontent \u00e0 des d\u00e9cennies. Ces crises ont pour toile de fond la lutte ancienne et historique, au niveau de l&rsquo;islam, entre une minorit\u00e9 extr\u00e9miste et une majorit\u00e9 mod\u00e9r\u00e9e. \u00c0 cet antagonisme est venu se greffer r\u00e9cemment le conflit sunnito-chiite, a soulign\u00e9 M. V\u00e9drine qui pr\u00e9cise qu&rsquo;il a r\u00e9sult\u00e9 d&rsquo;un tel contexte ce qu&rsquo;il a qualifi\u00e9 de \u00ab\u00a0processus de destruction cr\u00e9atrice\u00a0\u00bb, comme l&rsquo;illustre notamment la situation en Syrie et en Irak, o\u00f9 l&rsquo;on assiste \u00e0 une d\u00e9sagr\u00e9gation des structures \u00e9tatiques.<br \/>\nPour l&rsquo;ancien chef du Quai d&rsquo;Orsay, le ph\u00e9nom\u00e8ne de l&rsquo;\u00e9mergence de Daech ne se serait pas produit si une s\u00e9rie d&rsquo;erreurs n&rsquo;avaient pas \u00e9t\u00e9 commises concernant la gestion des crises syrienne et irakienne, notamment. M. V\u00e9drine rel\u00e8ve dans un tel contexte que la situation moyen-orientale est rendue encore plus complexe par plusieurs incertitudes \u00e0 caract\u00e8re strat\u00e9gique, dont notamment la politique am\u00e9ricaine dans la r\u00e9gion, le double jeu de la Turquie et l&rsquo;\u00e9volution de la donne politique en Isra\u00ebl dans la perspective des \u00e9lections l\u00e9gislatives anticip\u00e9es pr\u00e9vues en mars prochain. \u00c0 ces incertitudes viennent se greffer \u00ab\u00a0l&rsquo;impuissance des puissances habituelles\u00a0\u00bb et les risques de d\u00e9rapage de certains d\u00e9veloppements, tels que l&rsquo;\u00e9mergence de \u00ab\u00a0l&rsquo;\u00c9tat islamique\u00a0\u00bb.<\/p>\n<p>&nbsp;<\/p>\n<p><b>Ribal al-Assad\u00a0: Non \u00e0 la dictature et \u00e0 la th\u00e9ocratie<\/b><br \/>\nDeuxi\u00e8me \u00e0 prendre la parole, M. Ribal al-Assad annonce d&#8217;embl\u00e9e la couleur en se positionnant clairement contre le r\u00e9gime de Bachar el-Assad, mais aussi contre les courants extr\u00e9mistes et jihadistes, soulignant que s&rsquo;il est oppos\u00e9, \u00e0 n&rsquo;en point douter, au r\u00e9gime syrien et qu&rsquo;il appelle \u00e0 l&rsquo;instauration d&rsquo;un pouvoir v\u00e9ritablement d\u00e9mocratique, repr\u00e9sentatif de toutes les composantes de la soci\u00e9t\u00e9 syrienne, cela ne signifie pas pour autant qu&rsquo;il accepterait le remplacement d&rsquo;une dictature par un pouvoir th\u00e9ocratique.<br \/>\nRibal al-Assad a d\u00e9nonc\u00e9 dans ce cadre en des termes tr\u00e8s s\u00e9v\u00e8res la position des alli\u00e9s r\u00e9gionaux de l&rsquo;opposition syrienne qui fournissent ou ont fourni une aide financi\u00e8re et militaire aux organisations jihadistes et extr\u00e9mistes. \u00ab\u00a0Tout le monde en Syrie veut un changement d\u00e9mocratique, mais nous ne voulons pas d&rsquo;un r\u00e9gime fond\u00e9 sur la charia, a soulign\u00e9 M. al-Assad. Nous croyons dans les valeurs occidentales, qui sont d&rsquo;ailleurs des valeurs universelles\u00a0\u00bb, a-t-il conclu.<\/p>\n<p>&nbsp;<\/p>\n<p><b>Meir Sheetrit et la recherche de la paix<\/b><br \/>\nPrenant \u00e0 son tour la parole, le d\u00e9put\u00e9 et ancien ministre isra\u00e9lien Meir Sheetrit a bross\u00e9 un tableau pr\u00e9cis et exhaustif de la situation actuelle au Proche-Orient. Connu pour ses positions audacieuses et avanc\u00e9es en faveur d&rsquo;une paix globale au Proche-Orient, fond\u00e9e sur le projet de deux \u00c9tats palestinien et isra\u00e9lien, M. Sheetrit a d&rsquo;abord \u00e9voqu\u00e9 le chaos dans lequel ont sombr\u00e9 plusieurs pays de la r\u00e9gion, dont notamment la Syrie, r\u00e9v\u00e9lant \u00e0 ce propos qu&rsquo;Isra\u00ebl accorde une aide humanitaire \u00e0 des r\u00e9fugi\u00e9s syriens et pr\u00e9cisant que 300 familles syriennes sont accueillies en Isra\u00ebl.<br \/>\nRebondissant en outre sur les propos tenus la veille par l&rsquo;\u00e9mir Turki al-Fay\u00e7al (<a href=\"http:\/\/www.lorientlejour.com\/article\/900022\/turki-al-faycal-pour-lutter-contre-daech-il-faut-sattaquer-a-la-racine-du-mal-qui-est-assad.html\" target=\"_blank\">voir L&rsquo;Orient-Le Jour d&rsquo;hier, mardi<\/a>), qui avait d\u00e9nonc\u00e9 le fait que l&rsquo;Iran est impliqu\u00e9 directement dans le conflit syrien, M. Sheetrit a soulign\u00e9 qu&rsquo;il peut t\u00e9moigner personnellement d&rsquo;une telle implication iranienne. Il a mis l&rsquo;accent dans ce cadre sur le r\u00f4le des deux principaux leviers de T\u00e9h\u00e9ran dans la r\u00e9gion, le Hamas et le Hezbollah, indiquant \u00e0 cet \u00e9gard que le Hezbollah poss\u00e8de d\u00e9sormais 100\u00a0000 missiles \u00ab\u00a0pr\u00e9cis et de grande port\u00e9e\u00a0\u00bb. R\u00e9futant l&rsquo;argument de ceux qui affirment qu&rsquo;il ne peut y avoir de solution au probl\u00e8me isra\u00e9lo-palestinien, Meir Sheetrit a affirm\u00e9 que le projet d&rsquo;\u00e9tablissement de deux \u00c9tats palestinien et isra\u00e9lien est bel et bien r\u00e9alisable. \u00ab\u00a0M\u00eame (Benjamin) Netanyahu se prononce pour les deux \u00c9tats, mais le probl\u00e8me est que notre Premier ministre parle plus qu&rsquo;il n&rsquo;agit\u00a0\u00bb, a soulign\u00e9 M. Sheetrit.<br \/>\n\u00c9voquant une fois de plus l&rsquo;intervention de l&rsquo;\u00e9mir Turki el-Faycal, lundi \u2013 d\u00e9plorant le manque de r\u00e9action isra\u00e9lienne au plan de paix arabe, avalis\u00e9 \u00e0 l&rsquo;initiative de l&rsquo;Arabie saoudite, lors du sommet de Beyrouth en 2002 \u2013, M. Sheetrit a rendu hommage \u00e0 cette initiative saoudienne de paix, indiquant que depuis 2002, il a incit\u00e9 personnellement et directement tous les Premiers ministres isra\u00e9liens \u00e0 entamer un dialogue avec les pays arabes sur base du plan de paix arabe. \u00ab\u00a0La paix et la normalisation (avec le monde arabe) sont la seule voie possible pour garantir la stabilit\u00e9 d&rsquo;Isra\u00ebl\u00a0\u00bb, a encore affirm\u00e9 M. Sheetrit qui a indiqu\u00e9 qu&rsquo;il s&#8217;emploie actuellement \u00e0 mettre sur pied un front de gauche en Isra\u00ebl, dans la perspective des \u00e9lections l\u00e9gislatives anticip\u00e9es.<\/p>\n<p>&nbsp;<\/p>\n<p><b>La perception russe<\/b><br \/>\nLa perception russe de la conjoncture r\u00e9gionale a \u00e9t\u00e9 expos\u00e9e par M. Sergei Karaganov qui a d&rsquo;abord d\u00e9nonc\u00e9 \u00ab\u00a0l&rsquo;incomp\u00e9tence\u00a0\u00bb de nombre de dirigeants officiels \u00e9trangers concernant la gestion des crises dans la r\u00e9gion. Il a pr\u00e9cis\u00e9 sur ce plan qu&rsquo;il y a treize ans, il avait re\u00e7u des responsables des renseignements russes venus lui demander de leur exposer son analyse des raisons de l&rsquo;intervention occidentale en Afghanistan. \u00ab\u00a0Je leur ai r\u00e9pondu\u00a0: l&rsquo;incomp\u00e9tence\u00a0\u00bb, a indiqu\u00e9 M. Karaganov qui a ajout\u00e9 qu&rsquo;\u00e0 son avis \u00ab\u00a0Isra\u00ebl est l&rsquo;un des deux facteurs de stabilit\u00e9 dans la r\u00e9gion, le second \u00e9tant l&rsquo;Iran qui, cependant, est fragilis\u00e9 depuis 30 ans\u00a0\u00bb.<br \/>\nDernier \u00e0 prendre la parole, M. Moratinos a fait part d&rsquo;un sentiment de \u00ab\u00a0frustration\u00a0\u00bb concernant le processus de paix au P-O. \u00ab\u00a0Nous essayons de r\u00e9soudre les probl\u00e8mes du Moyen-Orient avec des id\u00e9es simples, alors qu&rsquo;il faudrait sans doute avoir recours \u00e0 des id\u00e9es plus complexes\u00a0\u00bb, a-t-il notamment d\u00e9clar\u00e9, d\u00e9non\u00e7ant \u00ab\u00a0la mauvaise diplomatie\u00a0\u00bb qui a accompagn\u00e9 les efforts de paix. \u00ab\u00a0Nous n&rsquo;avons pas de strat\u00e9gie, a-t-il affirm\u00e9. Quelle est la strat\u00e9gie am\u00e9ricaine au Moyen-Orient ? J&rsquo;ai, par ailleurs, des doutes au sujet de la strat\u00e9gie de l&rsquo;Union europ\u00e9enne.\u00a0\u00bb<br \/>\nM. Moratinos a fix\u00e9 dans ce cadre deux priorit\u00e9s sur lesquelles devraient plancher les puissances occidentales \u00ab\u00a0sans se laisser entra\u00eener sur la voie de l&rsquo;ing\u00e9rence\u00a0\u00bb. \u00ab\u00a0La premi\u00e8re priorit\u00e9 devrait \u00eatre la Palestine, a d\u00e9clar\u00e9 l&rsquo;ancien chef de la diplomatie espagnole. Le r\u00e8glement du probl\u00e8me palestinien est l&rsquo;un des pivots de la stabilit\u00e9 de la r\u00e9gion, a soulign\u00e9 M. Moratinos. La seconde priorit\u00e9 est l&rsquo;Iran, et s&rsquo;obstiner \u00e0 amener T\u00e9h\u00e9ran \u00e0 la table de n\u00e9gociation est une erreur.\u00a0\u00bb M. Sheetrit a rebondi sur les propos de M. Moratinos en soulignant que \u00ab\u00a0nous ne pouvons pas permettre \u00e0 l&rsquo;Iran de poss\u00e9der la bombe nucl\u00e9aire\u00a0\u00bb. \u00ab\u00a0Si les \u00c9tats-Unis laissent l&rsquo;Iran poss\u00e9der l&rsquo;arme nucl\u00e9aire, cela changerait toute la donne au Moyen Orient\u00a0\u00bb, a conclu le d\u00e9put\u00e9 isra\u00e9lien, cl\u00f4turant ainsi le d\u00e9bat sur des crises existentielles que nombre d&rsquo;experts estiment, \u00e0 tort ou \u00e0 raison, insolubles.<\/p>","protected":false},"excerpt":{"rendered":"<p>La session sur le Moyen-Orient. De gauche \u00e0 droite, Dominique Mo\u00efsi, Ribal al-Assad, Sergei Karaganov, Miguel Angel Moratinos, Meir Sheetrit et Hubert V\u00e9drine. D\u00c9BAT Le probl\u00e8me du P-O et les<\/p>\n","protected":false},"author":3,"featured_media":0,"comment_status":"closed","ping_status":"open","sticky":false,"template":"","format":"standard","meta":{"footnotes":""},"categories":[4],"tags":[19],"class_list":["post-4100","post","type-post","status-publish","format-standard","hentry","category-press-review","tag-19"],"_links":{"self":[{"href":"https:\/\/www.worldpolicyconference.com\/fr\/wp-json\/wp\/v2\/posts\/4100","targetHints":{"allow":["GET"]}}],"collection":[{"href":"https:\/\/www.worldpolicyconference.com\/fr\/wp-json\/wp\/v2\/posts"}],"about":[{"href":"https:\/\/www.worldpolicyconference.com\/fr\/wp-json\/wp\/v2\/types\/post"}],"author":[{"embeddable":true,"href":"https:\/\/www.worldpolicyconference.com\/fr\/wp-json\/wp\/v2\/users\/3"}],"replies":[{"embeddable":true,"href":"https:\/\/www.worldpolicyconference.com\/fr\/wp-json\/wp\/v2\/comments?post=4100"}],"version-history":[{"count":0,"href":"https:\/\/www.worldpolicyconference.com\/fr\/wp-json\/wp\/v2\/posts\/4100\/revisions"}],"wp:attachment":[{"href":"https:\/\/www.worldpolicyconference.com\/fr\/wp-json\/wp\/v2\/media?parent=4100"}],"wp:term":[{"taxonomy":"category","embeddable":true,"href":"https:\/\/www.worldpolicyconference.com\/fr\/wp-json\/wp\/v2\/categories?post=4100"},{"taxonomy":"post_tag","embeddable":true,"href":"https:\/\/www.worldpolicyconference.com\/fr\/wp-json\/wp\/v2\/tags?post=4100"}],"curies":[{"name":"wp","href":"https:\/\/api.w.org\/{rel}","templated":true}]}}