{"id":560,"date":"2014-05-12T09:07:04","date_gmt":"2014-05-12T08:07:04","guid":{"rendered":"http:\/\/www.worldpolicyconference.com\/moulay-driss-alaoui-mdaghri\/"},"modified":"2020-06-22T16:13:23","modified_gmt":"2020-06-22T15:13:23","slug":"moulay-driss-alaoui-mdaghri","status":"publish","type":"post","link":"https:\/\/www.worldpolicyconference.com\/fr\/moulay-driss-alaoui-mdaghri\/","title":{"rendered":"Moulay Driss Alaoui Mdaghri"},"content":{"rendered":"<p><\/p>\n<p style=\"text-align: justify;\">Pr\u00e9sident d\u2019honneur de l\u2019Association marocaine d\u2019intelligence \u00e9conomique (AMIE), pr\u00e9sident de la Fondation des cultures du monde (FCM) et vice-pr\u00e9sident de la Chambre de commerce internationale au Maroc. Il est aussi professeur universitaire, chroniqueur et auteur d\u2019ouvrages dans diff\u00e9rents domaines. Il a \u00e9t\u00e9 plusieurs fois ministre (Communication et porte-parole du Gouvernement, Jeunesse et Sports, \u00c9nergie et Mines, secr\u00e9tariat d\u2019\u00c9tat aux Affaires \u00e9trang\u00e8res charg\u00e9 de l\u2019Union du Maghreb Arabe).Il a \u00e9galement \u00e9t\u00e9 directeur de l\u2019ISCAE et du CIDC.\u00a0<\/p>\n<p><\/p>","protected":false},"excerpt":{"rendered":"<p>Pr\u00e9sident d\u2019honneur de l\u2019Association marocaine d\u2019intelligence \u00e9conomique (AMIE), pr\u00e9sident de la Fondation des cultures du monde (FCM) et vice-pr\u00e9sident de la Chambre de commerce internationale au Maroc. Il est aussi<\/p>\n","protected":false},"author":1,"featured_media":10445,"comment_status":"closed","ping_status":"open","sticky":false,"template":"","format":"standard","meta":{"footnotes":""},"categories":[8],"tags":[15,16,14],"class_list":["post-560","post","type-post","status-publish","format-standard","has-post-thumbnail","hentry","category-invited-guests","tag-15","tag-16","tag-14"],"_links":{"self":[{"href":"https:\/\/www.worldpolicyconference.com\/fr\/wp-json\/wp\/v2\/posts\/560","targetHints":{"allow":["GET"]}}],"collection":[{"href":"https:\/\/www.worldpolicyconference.com\/fr\/wp-json\/wp\/v2\/posts"}],"about":[{"href":"https:\/\/www.worldpolicyconference.com\/fr\/wp-json\/wp\/v2\/types\/post"}],"author":[{"embeddable":true,"href":"https:\/\/www.worldpolicyconference.com\/fr\/wp-json\/wp\/v2\/users\/1"}],"replies":[{"embeddable":true,"href":"https:\/\/www.worldpolicyconference.com\/fr\/wp-json\/wp\/v2\/comments?post=560"}],"version-history":[{"count":0,"href":"https:\/\/www.worldpolicyconference.com\/fr\/wp-json\/wp\/v2\/posts\/560\/revisions"}],"wp:featuredmedia":[{"embeddable":true,"href":"https:\/\/www.worldpolicyconference.com\/fr\/wp-json\/wp\/v2\/media\/10445"}],"wp:attachment":[{"href":"https:\/\/www.worldpolicyconference.com\/fr\/wp-json\/wp\/v2\/media?parent=560"}],"wp:term":[{"taxonomy":"category","embeddable":true,"href":"https:\/\/www.worldpolicyconference.com\/fr\/wp-json\/wp\/v2\/categories?post=560"},{"taxonomy":"post_tag","embeddable":true,"href":"https:\/\/www.worldpolicyconference.com\/fr\/wp-json\/wp\/v2\/tags?post=560"}],"curies":[{"name":"wp","href":"https:\/\/api.w.org\/{rel}","templated":true}]}}