{"id":566,"date":"2014-05-12T09:07:30","date_gmt":"2014-05-12T08:07:30","guid":{"rendered":"http:\/\/www.worldpolicyconference.com\/patrick-allard\/"},"modified":"2022-11-15T11:30:22","modified_gmt":"2022-11-15T10:30:22","slug":"patrick-allard","status":"publish","type":"post","link":"https:\/\/www.worldpolicyconference.com\/fr\/patrick-allard\/","title":{"rendered":"Patrick Allard"},"content":{"rendered":"<p><\/p>\n<p style=\"text-align: justify;\"><span style=\"font-weight: 400;\">Consultant aupr\u00e8s du Centre d&rsquo;analyse, de pr\u00e9vision et de strat\u00e9gie du minist\u00e8re des Affaires \u00e9trang\u00e8res. Il a pr\u00e9c\u00e9demment occup\u00e9 le poste de conseiller pour les questions \u00e9conomiques et financi\u00e8res internationales \u00e0 la direction de la Prospective du minist\u00e8re des Affaires \u00e9trang\u00e8res et europ\u00e9ennes. Il a \u00e9galement dirig\u00e9 le service des pr\u00e9visions macro-\u00e9conomiques internationales et celui des finances publiques au minist\u00e8re de l\u2019\u00c9conomie et des Finances. Il a \u00e9t\u00e9 \u00e9conomiste au d\u00e9partement des Affaires \u00e9conomiques \u00e0 l\u2019OCDE.<\/span><\/p>\n<p><\/p>","protected":false},"excerpt":{"rendered":"<p>Consultant aupr\u00e8s du Centre d&rsquo;analyse, de pr\u00e9vision et de strat\u00e9gie du minist\u00e8re des Affaires \u00e9trang\u00e8res. Il a pr\u00e9c\u00e9demment occup\u00e9 le poste de conseiller pour les questions \u00e9conomiques et financi\u00e8res internationales<\/p>\n","protected":false},"author":1,"featured_media":9199,"comment_status":"closed","ping_status":"open","sticky":false,"template":"","format":"standard","meta":{"footnotes":""},"categories":[8],"tags":[15,16,17,14,10,20,21,22,25,30],"class_list":["post-566","post","type-post","status-publish","format-standard","has-post-thumbnail","hentry","category-invited-guests","tag-15","tag-16","tag-17","tag-14","tag-10","tag-20","tag-21","tag-22","tag-25","tag-30"],"_links":{"self":[{"href":"https:\/\/www.worldpolicyconference.com\/fr\/wp-json\/wp\/v2\/posts\/566","targetHints":{"allow":["GET"]}}],"collection":[{"href":"https:\/\/www.worldpolicyconference.com\/fr\/wp-json\/wp\/v2\/posts"}],"about":[{"href":"https:\/\/www.worldpolicyconference.com\/fr\/wp-json\/wp\/v2\/types\/post"}],"author":[{"embeddable":true,"href":"https:\/\/www.worldpolicyconference.com\/fr\/wp-json\/wp\/v2\/users\/1"}],"replies":[{"embeddable":true,"href":"https:\/\/www.worldpolicyconference.com\/fr\/wp-json\/wp\/v2\/comments?post=566"}],"version-history":[{"count":0,"href":"https:\/\/www.worldpolicyconference.com\/fr\/wp-json\/wp\/v2\/posts\/566\/revisions"}],"wp:featuredmedia":[{"embeddable":true,"href":"https:\/\/www.worldpolicyconference.com\/fr\/wp-json\/wp\/v2\/media\/9199"}],"wp:attachment":[{"href":"https:\/\/www.worldpolicyconference.com\/fr\/wp-json\/wp\/v2\/media?parent=566"}],"wp:term":[{"taxonomy":"category","embeddable":true,"href":"https:\/\/www.worldpolicyconference.com\/fr\/wp-json\/wp\/v2\/categories?post=566"},{"taxonomy":"post_tag","embeddable":true,"href":"https:\/\/www.worldpolicyconference.com\/fr\/wp-json\/wp\/v2\/tags?post=566"}],"curies":[{"name":"wp","href":"https:\/\/api.w.org\/{rel}","templated":true}]}}