{"id":568,"date":"2014-05-12T09:07:38","date_gmt":"2014-05-12T08:07:38","guid":{"rendered":"http:\/\/www.worldpolicyconference.com\/joaqun-almunia\/"},"modified":"2018-06-08T12:03:44","modified_gmt":"2018-06-08T11:03:44","slug":"joaqun-almunia","status":"publish","type":"post","link":"https:\/\/www.worldpolicyconference.com\/fr\/joaqun-almunia\/","title":{"rendered":"Joaqu&iacute;n Almunia"},"content":{"rendered":"<p><\/p>\n<p style=\"text-align: justify;\">Membre de la Commission europ\u00e9enne charg\u00e9 de la concurrence depuis f\u00e9vrier 2010. Il est le fondateur et directeur du groupe de r\u00e9flexion progressiste \u00ab\u00a0Laboratorio de Alternativas\u00a0\u00bb. Il a \u00e9t\u00e9 membre de la Commission charg\u00e9 des affaires \u00e9conomiques et mon\u00e9taires (2004-2010). Il a \u00e9t\u00e9 candidat socialiste au poste de premier ministre en 2000, secr\u00e9taire g\u00e9n\u00e9ral du PSOE, porte-parole du groupe parlementaire socialiste, ministre \u00a0pour les Administrations Publiques, ministre du travail et de la s\u00e9curit\u00e9 sociale, d\u00e9put\u00e9 au parlement espagnol. Il est dipl\u00f4m\u00e9 en droit et en sciences \u00e9conomiques, Universit\u00e9 de Deusto (Bilbao) et il a \u00e9tudi\u00e9 \u00e0 l\u2019\u00c9cole Pratique des Hautes \u00c9tudes de Paris.<\/p>\n<p><\/p>","protected":false},"excerpt":{"rendered":"<p>Membre de la Commission europ\u00e9enne charg\u00e9 de la concurrence depuis f\u00e9vrier 2010. Il est le fondateur et directeur du groupe de r\u00e9flexion progressiste \u00ab\u00a0Laboratorio de Alternativas\u00a0\u00bb. Il a \u00e9t\u00e9 membre<\/p>\n","protected":false},"author":1,"featured_media":10582,"comment_status":"closed","ping_status":"open","sticky":false,"template":"","format":"standard","meta":{"footnotes":""},"categories":[8],"tags":[16,14,10],"class_list":["post-568","post","type-post","status-publish","format-standard","has-post-thumbnail","hentry","category-invited-guests","tag-16","tag-14","tag-10"],"_links":{"self":[{"href":"https:\/\/www.worldpolicyconference.com\/fr\/wp-json\/wp\/v2\/posts\/568","targetHints":{"allow":["GET"]}}],"collection":[{"href":"https:\/\/www.worldpolicyconference.com\/fr\/wp-json\/wp\/v2\/posts"}],"about":[{"href":"https:\/\/www.worldpolicyconference.com\/fr\/wp-json\/wp\/v2\/types\/post"}],"author":[{"embeddable":true,"href":"https:\/\/www.worldpolicyconference.com\/fr\/wp-json\/wp\/v2\/users\/1"}],"replies":[{"embeddable":true,"href":"https:\/\/www.worldpolicyconference.com\/fr\/wp-json\/wp\/v2\/comments?post=568"}],"version-history":[{"count":0,"href":"https:\/\/www.worldpolicyconference.com\/fr\/wp-json\/wp\/v2\/posts\/568\/revisions"}],"wp:featuredmedia":[{"embeddable":true,"href":"https:\/\/www.worldpolicyconference.com\/fr\/wp-json\/wp\/v2\/media\/10582"}],"wp:attachment":[{"href":"https:\/\/www.worldpolicyconference.com\/fr\/wp-json\/wp\/v2\/media?parent=568"}],"wp:term":[{"taxonomy":"category","embeddable":true,"href":"https:\/\/www.worldpolicyconference.com\/fr\/wp-json\/wp\/v2\/categories?post=568"},{"taxonomy":"post_tag","embeddable":true,"href":"https:\/\/www.worldpolicyconference.com\/fr\/wp-json\/wp\/v2\/tags?post=568"}],"curies":[{"name":"wp","href":"https:\/\/api.w.org\/{rel}","templated":true}]}}