{"id":570,"date":"2014-05-12T09:07:48","date_gmt":"2014-05-12T08:07:48","guid":{"rendered":"http:\/\/www.worldpolicyconference.com\/jaime-gil-aluja\/"},"modified":"2018-06-07T13:08:53","modified_gmt":"2018-06-07T12:08:53","slug":"jaime-gil-aluja","status":"publish","type":"post","link":"https:\/\/www.worldpolicyconference.com\/fr\/jaime-gil-aluja\/","title":{"rendered":"Jaime Gil Aluja"},"content":{"rendered":"<p><\/p>\n<p style=\"text-align: justify;\">Pr\u00e9sident de l\u2019Acad\u00e9mie royale de sciences \u00e9conomiques et financi\u00e8res d\u2019Espagne depuis 2002. Il a toujours concili\u00e9 son activit\u00e9 principale, la recherche, avec la gestion des entreprises et institutions financi\u00e8res. En 1960, il est nomm\u00e9 chef sup\u00e9rieur de SEAT, puis conseiller technique et \u00e9conomique de la direction g\u00e9n\u00e9rale. De 1969 \u00e0 1985, il exerce librement la profession d\u2019\u00e9conomiste. Il a \u00e9t\u00e9 investi Docteur \u00ab Honoris Causa \u00bb par 25 universit\u00e9s et il est membre de 12 acad\u00e9mies scientifiques. Docteur en sciences politiques et \u00e9conomiques de l\u2019Universit\u00e9 de Barcelone, il est titulaire de chaire d\u2019\u00e9conomie financi\u00e8re et Professeur \u00c9m\u00e9rite de l\u2019universit\u00e9 espagnole.<\/p>\n<p><\/p>","protected":false},"excerpt":{"rendered":"<p>Pr\u00e9sident de l\u2019Acad\u00e9mie royale de sciences \u00e9conomiques et financi\u00e8res d\u2019Espagne depuis 2002. Il a toujours concili\u00e9 son activit\u00e9 principale, la recherche, avec la gestion des entreprises et institutions financi\u00e8res. En<\/p>\n","protected":false},"author":1,"featured_media":9871,"comment_status":"closed","ping_status":"open","sticky":false,"template":"","format":"standard","meta":{"footnotes":""},"categories":[8],"tags":[16,14,10],"class_list":["post-570","post","type-post","status-publish","format-standard","has-post-thumbnail","hentry","category-invited-guests","tag-16","tag-14","tag-10"],"_links":{"self":[{"href":"https:\/\/www.worldpolicyconference.com\/fr\/wp-json\/wp\/v2\/posts\/570","targetHints":{"allow":["GET"]}}],"collection":[{"href":"https:\/\/www.worldpolicyconference.com\/fr\/wp-json\/wp\/v2\/posts"}],"about":[{"href":"https:\/\/www.worldpolicyconference.com\/fr\/wp-json\/wp\/v2\/types\/post"}],"author":[{"embeddable":true,"href":"https:\/\/www.worldpolicyconference.com\/fr\/wp-json\/wp\/v2\/users\/1"}],"replies":[{"embeddable":true,"href":"https:\/\/www.worldpolicyconference.com\/fr\/wp-json\/wp\/v2\/comments?post=570"}],"version-history":[{"count":0,"href":"https:\/\/www.worldpolicyconference.com\/fr\/wp-json\/wp\/v2\/posts\/570\/revisions"}],"wp:featuredmedia":[{"embeddable":true,"href":"https:\/\/www.worldpolicyconference.com\/fr\/wp-json\/wp\/v2\/media\/9871"}],"wp:attachment":[{"href":"https:\/\/www.worldpolicyconference.com\/fr\/wp-json\/wp\/v2\/media?parent=570"}],"wp:term":[{"taxonomy":"category","embeddable":true,"href":"https:\/\/www.worldpolicyconference.com\/fr\/wp-json\/wp\/v2\/categories?post=570"},{"taxonomy":"post_tag","embeddable":true,"href":"https:\/\/www.worldpolicyconference.com\/fr\/wp-json\/wp\/v2\/tags?post=570"}],"curies":[{"name":"wp","href":"https:\/\/api.w.org\/{rel}","templated":true}]}}