{"id":578,"date":"2014-05-12T09:08:27","date_gmt":"2014-05-12T08:08:27","guid":{"rendered":"http:\/\/www.worldpolicyconference.com\/ki-moon-ban\/"},"modified":"2018-06-08T11:36:01","modified_gmt":"2018-06-08T10:36:01","slug":"ki-moon-ban","status":"publish","type":"post","link":"https:\/\/www.worldpolicyconference.com\/fr\/ki-moon-ban\/","title":{"rendered":"Ki-Moon Ban"},"content":{"rendered":"<p>8\u00e8me Secr\u00e9taire g\u00e9n\u00e9ral de l\u2019Organisation des Nations Unies. Il a \u00e9t\u00e9 Ministre des affaires \u00e9trang\u00e8res et du commerce de la R\u00e9publique de Cor\u00e9e. Il a \u00e9t\u00e9 Premier Secr\u00e9taire de la Mission permanente de la R\u00e9publique de Cor\u00e9e aupr\u00e8s de l\u2019Organisation des Nations Unies \u00e0 New York, puis Directeur de la Division des Nations Unies au Minist\u00e8re \u00e0 S\u00e9oul, et enfin Ambassadeur \u00e0 Vienne. Il s\u2019est beaucoup investi dans les questions ayant trait aux relations intercor\u00e9ennes. Il a re\u00e7u de nombreuses distinctions, d\u00e9corations et m\u00e9dailles dans son pays et \u00e0 l\u2019\u00e9tranger. Il a obtenu une licence en relations internationales \u00e0 l\u2019Universit\u00e9 nationale de S\u00e9oul, une ma\u00eetrise en administration publique de la Kennedy School of Government de l\u2019Universit\u00e9 Harvard et il a re\u00e7u le titre de Docteur honoris causa de l\u2019Universit\u00e9 nationale de S\u00e9oul.<\/p>","protected":false},"excerpt":{"rendered":"<p>8\u00e8me Secr\u00e9taire g\u00e9n\u00e9ral de l\u2019Organisation des Nations Unies. Il a \u00e9t\u00e9 Ministre des affaires \u00e9trang\u00e8res et du commerce de la R\u00e9publique de Cor\u00e9e. Il a \u00e9t\u00e9 Premier Secr\u00e9taire de la<\/p>\n","protected":false},"author":1,"featured_media":10580,"comment_status":"closed","ping_status":"open","sticky":false,"template":"","format":"standard","meta":{"footnotes":""},"categories":[8],"tags":[16],"class_list":["post-578","post","type-post","status-publish","format-standard","has-post-thumbnail","hentry","category-invited-guests","tag-16"],"_links":{"self":[{"href":"https:\/\/www.worldpolicyconference.com\/fr\/wp-json\/wp\/v2\/posts\/578","targetHints":{"allow":["GET"]}}],"collection":[{"href":"https:\/\/www.worldpolicyconference.com\/fr\/wp-json\/wp\/v2\/posts"}],"about":[{"href":"https:\/\/www.worldpolicyconference.com\/fr\/wp-json\/wp\/v2\/types\/post"}],"author":[{"embeddable":true,"href":"https:\/\/www.worldpolicyconference.com\/fr\/wp-json\/wp\/v2\/users\/1"}],"replies":[{"embeddable":true,"href":"https:\/\/www.worldpolicyconference.com\/fr\/wp-json\/wp\/v2\/comments?post=578"}],"version-history":[{"count":0,"href":"https:\/\/www.worldpolicyconference.com\/fr\/wp-json\/wp\/v2\/posts\/578\/revisions"}],"wp:featuredmedia":[{"embeddable":true,"href":"https:\/\/www.worldpolicyconference.com\/fr\/wp-json\/wp\/v2\/media\/10580"}],"wp:attachment":[{"href":"https:\/\/www.worldpolicyconference.com\/fr\/wp-json\/wp\/v2\/media?parent=578"}],"wp:term":[{"taxonomy":"category","embeddable":true,"href":"https:\/\/www.worldpolicyconference.com\/fr\/wp-json\/wp\/v2\/categories?post=578"},{"taxonomy":"post_tag","embeddable":true,"href":"https:\/\/www.worldpolicyconference.com\/fr\/wp-json\/wp\/v2\/tags?post=578"}],"curies":[{"name":"wp","href":"https:\/\/api.w.org\/{rel}","templated":true}]}}