{"id":580,"date":"2014-05-12T09:08:37","date_gmt":"2014-05-12T08:08:37","guid":{"rendered":"http:\/\/www.worldpolicyconference.com\/franois-barrault\/"},"modified":"2026-04-14T16:22:27","modified_gmt":"2026-04-14T15:22:27","slug":"francois-barrault","status":"publish","type":"post","link":"https:\/\/www.worldpolicyconference.com\/fr\/francois-barrault\/","title":{"rendered":"Fran\u00e7ois Barrault"},"content":{"rendered":"<p><\/p>\n<p style=\"text-align: justify;\"><span style=\"font-weight: 400;\"><span style=\"font-size: 1rem;\">Pr\u00e9sident fondateur de FDB Partners, soci\u00e9t\u00e9 d\u2019investissement et de conseil sp\u00e9cialis\u00e9e dans les technologies, la transformation digitale et les strat\u00e9gies de croissance par l\u2019innovation, il conseille de nombreuses soci\u00e9t\u00e9s cot\u00e9es et organisations internationales. Il pr\u00e9side actuellement le DigiWorld Institute, l\u2019un des principaux think tanks europ\u00e9ens d\u00e9di\u00e9s \u00e0 l\u2019\u00e9conomie num\u00e9rique, aux t\u00e9l\u00e9communications et aux m\u00e9dias. Il est \u00e9galement administrateur et senior advisor de nombreuses soci\u00e9t\u00e9s cot\u00e9es et priv\u00e9es ainsi que d\u2019organisations internationales. Il \u00e9tait Pr\u00e9sident et CEO de BT Global Services et BT International, qu\u2019il a contribu\u00e9 \u00e0 construire en moins de cinq ans comme leader mondial des services connect\u00e9s, pr\u00e9sent dans 176 pays, g\u00e9n\u00e9rant 17 milliards de dollars de chiffre d\u2019affaires gr\u00e2ce \u00e0 32 acquisitions. Il \u00e9tait \u00e9galement membre de l\u2019Operating Committee de BT Group PLC. Auparavant, il fut Corporate Officer, Pr\u00e9sident et CEO de Lucent Technologies (EMEA et International), ainsi que COO chez Ascend Communications et Stratus Computer. Il a d\u00e9but\u00e9 sa carri\u00e8re chez IBM comme chercheur aux \u00c9tats-Unis avant de co-fonder Astria, soci\u00e9t\u00e9 pionni\u00e8re du e-commerce, ainsi qu\u2019E-ServGlobal et plusieurs autres entreprises technologiques. Il est dipl\u00f4m\u00e9 de l\u2019\u00c9cole Centrale de Nantes et titulaire d\u2019un dipl\u00f4me de troisi\u00e8me cycle en Intelligence Artificielle et Robotique.<\/span><\/span><\/p>\n<p><\/p>","protected":false},"excerpt":{"rendered":"<p>Pr\u00e9sident fondateur de FDB Partners, soci\u00e9t\u00e9 d\u2019investissement et de conseil sp\u00e9cialis\u00e9e dans les technologies, la transformation digitale et les strat\u00e9gies de croissance par l\u2019innovation, il conseille de nombreuses soci\u00e9t\u00e9s cot\u00e9es<\/p>\n","protected":false},"author":1,"featured_media":12524,"comment_status":"closed","ping_status":"open","sticky":false,"template":"","format":"standard","meta":{"footnotes":""},"categories":[8],"tags":[16,17,14,10,20,21,22,25,30,127,153,154,155,157],"class_list":["post-580","post","type-post","status-publish","format-standard","has-post-thumbnail","hentry","category-invited-guests","tag-16","tag-17","tag-14","tag-10","tag-20","tag-21","tag-22","tag-25","tag-30","tag-127","tag-153","tag-154","tag-155","tag-157"],"_links":{"self":[{"href":"https:\/\/www.worldpolicyconference.com\/fr\/wp-json\/wp\/v2\/posts\/580","targetHints":{"allow":["GET"]}}],"collection":[{"href":"https:\/\/www.worldpolicyconference.com\/fr\/wp-json\/wp\/v2\/posts"}],"about":[{"href":"https:\/\/www.worldpolicyconference.com\/fr\/wp-json\/wp\/v2\/types\/post"}],"author":[{"embeddable":true,"href":"https:\/\/www.worldpolicyconference.com\/fr\/wp-json\/wp\/v2\/users\/1"}],"replies":[{"embeddable":true,"href":"https:\/\/www.worldpolicyconference.com\/fr\/wp-json\/wp\/v2\/comments?post=580"}],"version-history":[{"count":0,"href":"https:\/\/www.worldpolicyconference.com\/fr\/wp-json\/wp\/v2\/posts\/580\/revisions"}],"wp:featuredmedia":[{"embeddable":true,"href":"https:\/\/www.worldpolicyconference.com\/fr\/wp-json\/wp\/v2\/media\/12524"}],"wp:attachment":[{"href":"https:\/\/www.worldpolicyconference.com\/fr\/wp-json\/wp\/v2\/media?parent=580"}],"wp:term":[{"taxonomy":"category","embeddable":true,"href":"https:\/\/www.worldpolicyconference.com\/fr\/wp-json\/wp\/v2\/categories?post=580"},{"taxonomy":"post_tag","embeddable":true,"href":"https:\/\/www.worldpolicyconference.com\/fr\/wp-json\/wp\/v2\/tags?post=580"}],"curies":[{"name":"wp","href":"https:\/\/api.w.org\/{rel}","templated":true}]}}