{"id":584,"date":"2014-05-12T09:08:57","date_gmt":"2014-05-12T08:08:57","guid":{"rendered":"http:\/\/www.worldpolicyconference.com\/micheline-bossaert\/"},"modified":"2018-06-08T14:39:32","modified_gmt":"2018-06-08T13:39:32","slug":"micheline-bossaert","status":"publish","type":"post","link":"https:\/\/www.worldpolicyconference.com\/fr\/micheline-bossaert\/","title":{"rendered":"Micheline Bossaert"},"content":{"rendered":"<p><\/p>\n<p>Directeur des Affaires Internationales de GDF SUEZ. Elle a \u00e9t\u00e9 vice-pr\u00e9sident Asset Management Am\u00e9rique du Nord, Asie, Moyen Orient et Afrique au sein de la branche Tractebel Electricity &#038; Gas International (EGI). Elle a \u00e9t\u00e9 \u00e0 la t\u00eate de la Direction Finance, Tr\u00e9sorerie et Taxes de la branche rebaptis\u00e9e Suez Energy International (SEI). Elle a \u00e9t\u00e9 vice-pr\u00e9sident, ainsi que membre du Comit\u00e9 de Direction G\u00e9n\u00e9rale de SEI. Le Comit\u00e9 de Direction G\u00e9n\u00e9rale du groupe lui a \u00e9galement confi\u00e9 un mandat sp\u00e9cifique de mise en place de la Communaut\u00e9 de Pratique Business Development de GDF SUEZ. Elle la pr\u00e9side toujours.<\/p>\n<p><\/p>","protected":false},"excerpt":{"rendered":"<p>Directeur des Affaires Internationales de GDF SUEZ. Elle a \u00e9t\u00e9 vice-pr\u00e9sident Asset Management Am\u00e9rique du Nord, Asie, Moyen Orient et Afrique au sein de la branche Tractebel Electricity &#038; Gas<\/p>\n","protected":false},"author":1,"featured_media":10589,"comment_status":"closed","ping_status":"open","sticky":false,"template":"","format":"standard","meta":{"footnotes":""},"categories":[8],"tags":[16],"class_list":["post-584","post","type-post","status-publish","format-standard","has-post-thumbnail","hentry","category-invited-guests","tag-16"],"_links":{"self":[{"href":"https:\/\/www.worldpolicyconference.com\/fr\/wp-json\/wp\/v2\/posts\/584","targetHints":{"allow":["GET"]}}],"collection":[{"href":"https:\/\/www.worldpolicyconference.com\/fr\/wp-json\/wp\/v2\/posts"}],"about":[{"href":"https:\/\/www.worldpolicyconference.com\/fr\/wp-json\/wp\/v2\/types\/post"}],"author":[{"embeddable":true,"href":"https:\/\/www.worldpolicyconference.com\/fr\/wp-json\/wp\/v2\/users\/1"}],"replies":[{"embeddable":true,"href":"https:\/\/www.worldpolicyconference.com\/fr\/wp-json\/wp\/v2\/comments?post=584"}],"version-history":[{"count":0,"href":"https:\/\/www.worldpolicyconference.com\/fr\/wp-json\/wp\/v2\/posts\/584\/revisions"}],"wp:featuredmedia":[{"embeddable":true,"href":"https:\/\/www.worldpolicyconference.com\/fr\/wp-json\/wp\/v2\/media\/10589"}],"wp:attachment":[{"href":"https:\/\/www.worldpolicyconference.com\/fr\/wp-json\/wp\/v2\/media?parent=584"}],"wp:term":[{"taxonomy":"category","embeddable":true,"href":"https:\/\/www.worldpolicyconference.com\/fr\/wp-json\/wp\/v2\/categories?post=584"},{"taxonomy":"post_tag","embeddable":true,"href":"https:\/\/www.worldpolicyconference.com\/fr\/wp-json\/wp\/v2\/tags?post=584"}],"curies":[{"name":"wp","href":"https:\/\/api.w.org\/{rel}","templated":true}]}}