{"id":598,"date":"2014-05-12T09:10:12","date_gmt":"2014-05-12T08:10:12","guid":{"rendered":"http:\/\/www.worldpolicyconference.com\/sen-cleary\/"},"modified":"2024-12-04T11:35:42","modified_gmt":"2024-12-04T10:35:42","slug":"sean-cleary","status":"publish","type":"post","link":"https:\/\/www.worldpolicyconference.com\/fr\/sean-cleary\/","title":{"rendered":"Se\u00e1n Cleary"},"content":{"rendered":"<p><\/p>\n<p style=\"text-align: justify;\"><span style=\"font-weight: 400;\"><span style=\"font-size: 1rem;\">Se\u00e1n Cleary est pr\u00e9sident de Strategic Concepts (Pty) Ltd, fondateur et vice-pr\u00e9sident ex\u00e9cutif de la FutureWorld Foundation, mod\u00e9rateur diplomatique de la Geneva Science and Diplomacy Anticipator, membre des conseils consultatifs de l&rsquo;EIT-Climate-KIC, de la World Leadership Alliance-Club de Madrid et de l&rsquo;Institute of Advanced Studies, K\u0151szeg, conseiller sp\u00e9cial de l&rsquo;Initiative pour des solutions globales, conseiller principal et membre principal du Salzburg Global Seminar et co-auteur, avec Thierry Malleret, de Resilience to Risk et Global Risks, ainsi que de nombreux articles et chapitres . Il a \u00e9tudi\u00e9 les sciences sociales et le droit \u00e0 l&rsquo;universit\u00e9 d&rsquo;Afrique du Sud, \u00e0 l&rsquo;universit\u00e9 du Cap et \u00e0 l&rsquo;universit\u00e9 Pahlavi en Iran, et est titulaire d&rsquo;un MBA du Henley Management College.<\/span><\/span><\/p>\n<p><\/p>","protected":false},"excerpt":{"rendered":"<p>Se\u00e1n Cleary est pr\u00e9sident de Strategic Concepts (Pty) Ltd, fondateur et vice-pr\u00e9sident ex\u00e9cutif de la FutureWorld Foundation, mod\u00e9rateur diplomatique de la Geneva Science and Diplomacy Anticipator, membre des conseils consultatifs<\/p>\n","protected":false},"author":1,"featured_media":9482,"comment_status":"closed","ping_status":"open","sticky":false,"template":"","format":"standard","meta":{"footnotes":""},"categories":[8],"tags":[16,17,14,10,20,22,25,30,155],"class_list":["post-598","post","type-post","status-publish","format-standard","has-post-thumbnail","hentry","category-invited-guests","tag-16","tag-17","tag-14","tag-10","tag-20","tag-22","tag-25","tag-30","tag-155"],"_links":{"self":[{"href":"https:\/\/www.worldpolicyconference.com\/fr\/wp-json\/wp\/v2\/posts\/598","targetHints":{"allow":["GET"]}}],"collection":[{"href":"https:\/\/www.worldpolicyconference.com\/fr\/wp-json\/wp\/v2\/posts"}],"about":[{"href":"https:\/\/www.worldpolicyconference.com\/fr\/wp-json\/wp\/v2\/types\/post"}],"author":[{"embeddable":true,"href":"https:\/\/www.worldpolicyconference.com\/fr\/wp-json\/wp\/v2\/users\/1"}],"replies":[{"embeddable":true,"href":"https:\/\/www.worldpolicyconference.com\/fr\/wp-json\/wp\/v2\/comments?post=598"}],"version-history":[{"count":0,"href":"https:\/\/www.worldpolicyconference.com\/fr\/wp-json\/wp\/v2\/posts\/598\/revisions"}],"wp:featuredmedia":[{"embeddable":true,"href":"https:\/\/www.worldpolicyconference.com\/fr\/wp-json\/wp\/v2\/media\/9482"}],"wp:attachment":[{"href":"https:\/\/www.worldpolicyconference.com\/fr\/wp-json\/wp\/v2\/media?parent=598"}],"wp:term":[{"taxonomy":"category","embeddable":true,"href":"https:\/\/www.worldpolicyconference.com\/fr\/wp-json\/wp\/v2\/categories?post=598"},{"taxonomy":"post_tag","embeddable":true,"href":"https:\/\/www.worldpolicyconference.com\/fr\/wp-json\/wp\/v2\/tags?post=598"}],"curies":[{"name":"wp","href":"https:\/\/api.w.org\/{rel}","templated":true}]}}