{"id":600,"date":"2014-05-12T09:10:19","date_gmt":"2014-05-12T08:10:19","guid":{"rendered":"http:\/\/www.worldpolicyconference.com\/nathalie-delapalme\/"},"modified":"2023-09-27T15:13:24","modified_gmt":"2023-09-27T14:13:24","slug":"nathalie-delapalme","status":"publish","type":"post","link":"https:\/\/www.worldpolicyconference.com\/fr\/nathalie-delapalme\/","title":{"rendered":"Nathalie Delapalme"},"content":{"rendered":"<p><\/p>\n<p style=\"text-align: justify;\"><span style=\"font-weight: 400;\">Directrice ex\u00e9cutive de la Fondation Mo Ibrahim depuis 2010 et co-secr\u00e9taire-g\u00e9n\u00e9ral de la Fondation Afrique-Europe depuis 2020. Elle est membre de l&rsquo;International Crisis Group (ICG), du Conseil europ\u00e9en des affaires \u00e9trang\u00e8res (ECFR), du comit\u00e9 \u00e9ditorial de la Revue <em>Commentaire<\/em> et du Conseil scientifique de l&rsquo;IHEDN. Elle a \u00e9t\u00e9 inspecteur g\u00e9n\u00e9ral des finances au minist\u00e8re fran\u00e7ais de l&rsquo;Economie et des finances entre 2007 et 2010, apr\u00e8s avoir \u00e9t\u00e9 conseiller Afrique aupr\u00e8s des ministres fran\u00e7ais des Affaires \u00e9trang\u00e8res de 2002 \u00e0 2007, et conseiller aupr\u00e8s des ministres fran\u00e7ais du D\u00e9veloppement entre 1995 et 1997, et entre 2002 et 2004. Elle a commenc\u00e9 sa carri\u00e8re au S\u00e9nat fran\u00e7ais, o\u00f9 elle a si\u00e9g\u00e9 \u00e0 la commission des finances et du budget de 1984 \u00e0 1995 et de 1997 \u00e0 2002, contr\u00f4lant un certain nombre de d\u00e9penses publiques, notamment dans les secteurs de la d\u00e9fense, des affaires \u00e9trang\u00e8res, du d\u00e9veloppement, de l&rsquo;environnement, de la recherche, de l&rsquo;\u00e9ducation, des t\u00e9l\u00e9communications et des m\u00e9dias.<\/span><\/p>\n<p><\/p>","protected":false},"excerpt":{"rendered":"<p>Directrice ex\u00e9cutive de la Fondation Mo Ibrahim depuis 2010 et co-secr\u00e9taire-g\u00e9n\u00e9ral de la Fondation Afrique-Europe depuis 2020. Elle est membre de l&rsquo;International Crisis Group (ICG), du Conseil europ\u00e9en des affaires<\/p>\n","protected":false},"author":1,"featured_media":14360,"comment_status":"closed","ping_status":"open","sticky":false,"template":"","format":"standard","meta":{"footnotes":""},"categories":[8],"tags":[16,17,14,10,19,21,25,127],"class_list":["post-600","post","type-post","status-publish","format-standard","has-post-thumbnail","hentry","category-invited-guests","tag-16","tag-17","tag-14","tag-10","tag-19","tag-21","tag-25","tag-127"],"_links":{"self":[{"href":"https:\/\/www.worldpolicyconference.com\/fr\/wp-json\/wp\/v2\/posts\/600","targetHints":{"allow":["GET"]}}],"collection":[{"href":"https:\/\/www.worldpolicyconference.com\/fr\/wp-json\/wp\/v2\/posts"}],"about":[{"href":"https:\/\/www.worldpolicyconference.com\/fr\/wp-json\/wp\/v2\/types\/post"}],"author":[{"embeddable":true,"href":"https:\/\/www.worldpolicyconference.com\/fr\/wp-json\/wp\/v2\/users\/1"}],"replies":[{"embeddable":true,"href":"https:\/\/www.worldpolicyconference.com\/fr\/wp-json\/wp\/v2\/comments?post=600"}],"version-history":[{"count":0,"href":"https:\/\/www.worldpolicyconference.com\/fr\/wp-json\/wp\/v2\/posts\/600\/revisions"}],"wp:featuredmedia":[{"embeddable":true,"href":"https:\/\/www.worldpolicyconference.com\/fr\/wp-json\/wp\/v2\/media\/14360"}],"wp:attachment":[{"href":"https:\/\/www.worldpolicyconference.com\/fr\/wp-json\/wp\/v2\/media?parent=600"}],"wp:term":[{"taxonomy":"category","embeddable":true,"href":"https:\/\/www.worldpolicyconference.com\/fr\/wp-json\/wp\/v2\/categories?post=600"},{"taxonomy":"post_tag","embeddable":true,"href":"https:\/\/www.worldpolicyconference.com\/fr\/wp-json\/wp\/v2\/tags?post=600"}],"curies":[{"name":"wp","href":"https:\/\/api.w.org\/{rel}","templated":true}]}}