{"id":602,"date":"2014-05-12T09:10:28","date_gmt":"2014-05-12T08:10:28","guid":{"rendered":"http:\/\/www.worldpolicyconference.com\/thrse-delpech\/"},"modified":"2018-06-11T10:22:35","modified_gmt":"2018-06-11T09:22:35","slug":"thrse-delpech","status":"publish","type":"post","link":"https:\/\/www.worldpolicyconference.com\/fr\/thrse-delpech\/","title":{"rendered":"Th\u00e9r\u00e8se Delpech"},"content":{"rendered":"<p><\/p>\n<p>Directeur charg\u00e9 de la prospective au Commissariat \u00e0 l&rsquo;Energie Atomique. Ancien membre du conseil de direction de l&rsquo;Institut international d&rsquo;\u00e9tudes strat\u00e9giques (IISS), conseill\u00e8re du Premier ministre fran\u00e7ais pour les affaires politico-militaires et consultante permanente pour le Centre d\u2019analyse et de pr\u00e9vision du minist\u00e8re fran\u00e7ais des Affaires \u00e9trang\u00e8res. Elle a \u00e9tudi\u00e9 la philosophie et est l\u2019auteur de sept ouvrages dont <em>L&rsquo;Appel de l&rsquo;Ombre, Puissance de l&rsquo;Irrationnel <\/em>(2010).<\/p>\n<p><\/p>","protected":false},"excerpt":{"rendered":"<p>Directeur charg\u00e9 de la prospective au Commissariat \u00e0 l&rsquo;Energie Atomique. Ancien membre du conseil de direction de l&rsquo;Institut international d&rsquo;\u00e9tudes strat\u00e9giques (IISS), conseill\u00e8re du Premier ministre fran\u00e7ais pour les affaires<\/p>\n","protected":false},"author":1,"featured_media":10594,"comment_status":"closed","ping_status":"open","sticky":false,"template":"","format":"standard","meta":{"footnotes":""},"categories":[8],"tags":[16],"class_list":["post-602","post","type-post","status-publish","format-standard","has-post-thumbnail","hentry","category-invited-guests","tag-16"],"_links":{"self":[{"href":"https:\/\/www.worldpolicyconference.com\/fr\/wp-json\/wp\/v2\/posts\/602","targetHints":{"allow":["GET"]}}],"collection":[{"href":"https:\/\/www.worldpolicyconference.com\/fr\/wp-json\/wp\/v2\/posts"}],"about":[{"href":"https:\/\/www.worldpolicyconference.com\/fr\/wp-json\/wp\/v2\/types\/post"}],"author":[{"embeddable":true,"href":"https:\/\/www.worldpolicyconference.com\/fr\/wp-json\/wp\/v2\/users\/1"}],"replies":[{"embeddable":true,"href":"https:\/\/www.worldpolicyconference.com\/fr\/wp-json\/wp\/v2\/comments?post=602"}],"version-history":[{"count":0,"href":"https:\/\/www.worldpolicyconference.com\/fr\/wp-json\/wp\/v2\/posts\/602\/revisions"}],"wp:featuredmedia":[{"embeddable":true,"href":"https:\/\/www.worldpolicyconference.com\/fr\/wp-json\/wp\/v2\/media\/10594"}],"wp:attachment":[{"href":"https:\/\/www.worldpolicyconference.com\/fr\/wp-json\/wp\/v2\/media?parent=602"}],"wp:term":[{"taxonomy":"category","embeddable":true,"href":"https:\/\/www.worldpolicyconference.com\/fr\/wp-json\/wp\/v2\/categories?post=602"},{"taxonomy":"post_tag","embeddable":true,"href":"https:\/\/www.worldpolicyconference.com\/fr\/wp-json\/wp\/v2\/tags?post=602"}],"curies":[{"name":"wp","href":"https:\/\/api.w.org\/{rel}","templated":true}]}}