{"id":616,"date":"2014-05-12T09:11:47","date_gmt":"2014-05-12T08:11:47","guid":{"rendered":"http:\/\/www.worldpolicyconference.com\/jean-pierre-elkabbach\/"},"modified":"2018-06-08T09:56:43","modified_gmt":"2018-06-08T08:56:43","slug":"jean-pierre-elkabbach","status":"publish","type":"post","link":"https:\/\/www.worldpolicyconference.com\/fr\/jean-pierre-elkabbach\/","title":{"rendered":"Jean-Pierre Elkabbach"},"content":{"rendered":"<p>Pr\u00e9sident de Lagard\u00e8re News. Il fut directeur de l\u2019information sur Antenne 2, pr\u00e9sident de France T\u00e9l\u00e9vision et conseiller personnel de Jean-Luc Lagard\u00e8re, puis d\u2019Arnaud Lagard\u00e8re en mati\u00e8re de strat\u00e9gie des m\u00e9dias. Il a \u00e9t\u00e9 pr\u00e9sident d\u2019Europe 1 et de la cha\u00eene parlementaire fran\u00e7aise Public S\u00e9nat, o\u00f9 il pr\u00e9sente une \u00e9mission litt\u00e9raire hebdomadaire intitul\u00e9e \u00ab\u00a0Biblioth\u00e8que M\u00e9dicis\u00a0\u00bb. Il est l\u2019auteur d\u2019un documentaire intitul\u00e9 Fran\u00e7ois Mitterrand : conversations avec un pr\u00e9sident, 2001.<\/p>","protected":false},"excerpt":{"rendered":"<p>Pr\u00e9sident de Lagard\u00e8re News. Il fut directeur de l\u2019information sur Antenne 2, pr\u00e9sident de France T\u00e9l\u00e9vision et conseiller personnel de Jean-Luc Lagard\u00e8re, puis d\u2019Arnaud Lagard\u00e8re en mati\u00e8re de strat\u00e9gie des<\/p>\n","protected":false},"author":1,"featured_media":10554,"comment_status":"closed","ping_status":"open","sticky":false,"template":"","format":"standard","meta":{"footnotes":""},"categories":[8],"tags":[15,16],"class_list":["post-616","post","type-post","status-publish","format-standard","has-post-thumbnail","hentry","category-invited-guests","tag-15","tag-16"],"_links":{"self":[{"href":"https:\/\/www.worldpolicyconference.com\/fr\/wp-json\/wp\/v2\/posts\/616","targetHints":{"allow":["GET"]}}],"collection":[{"href":"https:\/\/www.worldpolicyconference.com\/fr\/wp-json\/wp\/v2\/posts"}],"about":[{"href":"https:\/\/www.worldpolicyconference.com\/fr\/wp-json\/wp\/v2\/types\/post"}],"author":[{"embeddable":true,"href":"https:\/\/www.worldpolicyconference.com\/fr\/wp-json\/wp\/v2\/users\/1"}],"replies":[{"embeddable":true,"href":"https:\/\/www.worldpolicyconference.com\/fr\/wp-json\/wp\/v2\/comments?post=616"}],"version-history":[{"count":0,"href":"https:\/\/www.worldpolicyconference.com\/fr\/wp-json\/wp\/v2\/posts\/616\/revisions"}],"wp:featuredmedia":[{"embeddable":true,"href":"https:\/\/www.worldpolicyconference.com\/fr\/wp-json\/wp\/v2\/media\/10554"}],"wp:attachment":[{"href":"https:\/\/www.worldpolicyconference.com\/fr\/wp-json\/wp\/v2\/media?parent=616"}],"wp:term":[{"taxonomy":"category","embeddable":true,"href":"https:\/\/www.worldpolicyconference.com\/fr\/wp-json\/wp\/v2\/categories?post=616"},{"taxonomy":"post_tag","embeddable":true,"href":"https:\/\/www.worldpolicyconference.com\/fr\/wp-json\/wp\/v2\/tags?post=616"}],"curies":[{"name":"wp","href":"https:\/\/api.w.org\/{rel}","templated":true}]}}