{"id":622,"date":"2014-05-12T09:12:23","date_gmt":"2014-05-12T08:12:23","guid":{"rendered":"http:\/\/www.worldpolicyconference.com\/louise-fresco\/"},"modified":"2018-10-22T15:59:08","modified_gmt":"2018-10-22T14:59:08","slug":"louise-fresco","status":"publish","type":"post","link":"https:\/\/www.worldpolicyconference.com\/fr\/louise-fresco\/","title":{"rendered":"Louise Fresco"},"content":{"rendered":"<p><\/p>\n<p style=\"text-align: justify;\">Pr\u00e9sidente de l\u2019Universit\u00e9 et du Centre de recherche de Wageningen, Pays-Bas, depuis 2014. Elle a men\u00e9 une longue carri\u00e8re acad\u00e9mique \u00e0 Wageningen et Amsterdam. Elle est membre de l\u2019Acad\u00e9mie royale des sciences n\u00e9erlandaise et de quatre Acad\u00e9mies \u00e9trang\u00e8res. Elle est aussi professeur invit\u00e9 de l\u2019Acad\u00e9mie des sciences d\u2019Afrique du Sud. Elle a \u00e9t\u00e9 pendant presque dix ans directeur g\u00e9n\u00e9ral adjoint au sein de l&rsquo;Organisation\u00a0des\u00a0Nations\u00a0unies\u00a0pour\u00a0l&rsquo;alimentation et l&rsquo;agriculture (FAO). Elle est \u00e9galement membre de la Commission trilat\u00e9rale et administrateur non-ex\u00e9cutif d\u2019Unilever. Elle est membre du Conseil consultatif du Prix mondial de l\u2019alimentation. Elle a un doctorat de l\u2019universit\u00e9 de Wageningen (1986), o\u00f9 elle s\u2019est sp\u00e9cialis\u00e9e en agriculture tropicale.<\/p>\n<p><\/p>","protected":false},"excerpt":{"rendered":"<p>Pr\u00e9sidente de l\u2019Universit\u00e9 et du Centre de recherche de Wageningen, Pays-Bas, depuis 2014. Elle a men\u00e9 une longue carri\u00e8re acad\u00e9mique \u00e0 Wageningen et Amsterdam. Elle est membre de l\u2019Acad\u00e9mie royale<\/p>\n","protected":false},"author":1,"featured_media":10855,"comment_status":"closed","ping_status":"open","sticky":false,"template":"","format":"standard","meta":{"footnotes":""},"categories":[8],"tags":[15,17,20],"class_list":["post-622","post","type-post","status-publish","format-standard","has-post-thumbnail","hentry","category-invited-guests","tag-15","tag-17","tag-20"],"_links":{"self":[{"href":"https:\/\/www.worldpolicyconference.com\/fr\/wp-json\/wp\/v2\/posts\/622","targetHints":{"allow":["GET"]}}],"collection":[{"href":"https:\/\/www.worldpolicyconference.com\/fr\/wp-json\/wp\/v2\/posts"}],"about":[{"href":"https:\/\/www.worldpolicyconference.com\/fr\/wp-json\/wp\/v2\/types\/post"}],"author":[{"embeddable":true,"href":"https:\/\/www.worldpolicyconference.com\/fr\/wp-json\/wp\/v2\/users\/1"}],"replies":[{"embeddable":true,"href":"https:\/\/www.worldpolicyconference.com\/fr\/wp-json\/wp\/v2\/comments?post=622"}],"version-history":[{"count":0,"href":"https:\/\/www.worldpolicyconference.com\/fr\/wp-json\/wp\/v2\/posts\/622\/revisions"}],"wp:featuredmedia":[{"embeddable":true,"href":"https:\/\/www.worldpolicyconference.com\/fr\/wp-json\/wp\/v2\/media\/10855"}],"wp:attachment":[{"href":"https:\/\/www.worldpolicyconference.com\/fr\/wp-json\/wp\/v2\/media?parent=622"}],"wp:term":[{"taxonomy":"category","embeddable":true,"href":"https:\/\/www.worldpolicyconference.com\/fr\/wp-json\/wp\/v2\/categories?post=622"},{"taxonomy":"post_tag","embeddable":true,"href":"https:\/\/www.worldpolicyconference.com\/fr\/wp-json\/wp\/v2\/tags?post=622"}],"curies":[{"name":"wp","href":"https:\/\/api.w.org\/{rel}","templated":true}]}}