{"id":630,"date":"2014-05-12T09:12:56","date_gmt":"2014-05-12T08:12:56","guid":{"rendered":"http:\/\/www.worldpolicyconference.com\/christian-graeff\/"},"modified":"2020-06-22T16:24:39","modified_gmt":"2020-06-22T15:24:39","slug":"christian-graeff","status":"publish","type":"post","link":"https:\/\/www.worldpolicyconference.com\/fr\/christian-graeff\/","title":{"rendered":"Christian Graeff"},"content":{"rendered":"<p><\/p>\n<p style=\"text-align: justify;\">Ambassadeur de France, il fut chef de mission diplomatique en Libye (1982-1985), au Liban (1985-1987) et en R\u00e9publique Islamique d&rsquo;Iran (1988-1991). Il a \u00e9t\u00e9 membre du Conseil Sup\u00e9rieur de la Magistrature durant trois mandats en qualit\u00e9 de repr\u00e9sentant du Pr\u00e9sident de la R\u00e9publique (1991-1998). Il a \u00e9t\u00e9 aussi conseiller personnel du pr\u00e9sident du groupe p\u00e9trolier TOTAL charg\u00e9 des relations internationales (1991-1993). Il est chercheur-associ\u00e9 \u00e0 l\u2019Institut de recherche et d\u2019\u00e9tude sur le monde arabe et musulman IREMAM &#8211; C.N.R.S..<\/p>\n<p><\/p>","protected":false},"excerpt":{"rendered":"<p>Ambassadeur de France, il fut chef de mission diplomatique en Libye (1982-1985), au Liban (1985-1987) et en R\u00e9publique Islamique d&rsquo;Iran (1988-1991). Il a \u00e9t\u00e9 membre du Conseil Sup\u00e9rieur de la<\/p>\n","protected":false},"author":1,"featured_media":9894,"comment_status":"closed","ping_status":"open","sticky":false,"template":"","format":"standard","meta":{"footnotes":""},"categories":[8],"tags":[14],"class_list":["post-630","post","type-post","status-publish","format-standard","has-post-thumbnail","hentry","category-invited-guests","tag-14"],"_links":{"self":[{"href":"https:\/\/www.worldpolicyconference.com\/fr\/wp-json\/wp\/v2\/posts\/630","targetHints":{"allow":["GET"]}}],"collection":[{"href":"https:\/\/www.worldpolicyconference.com\/fr\/wp-json\/wp\/v2\/posts"}],"about":[{"href":"https:\/\/www.worldpolicyconference.com\/fr\/wp-json\/wp\/v2\/types\/post"}],"author":[{"embeddable":true,"href":"https:\/\/www.worldpolicyconference.com\/fr\/wp-json\/wp\/v2\/users\/1"}],"replies":[{"embeddable":true,"href":"https:\/\/www.worldpolicyconference.com\/fr\/wp-json\/wp\/v2\/comments?post=630"}],"version-history":[{"count":0,"href":"https:\/\/www.worldpolicyconference.com\/fr\/wp-json\/wp\/v2\/posts\/630\/revisions"}],"wp:featuredmedia":[{"embeddable":true,"href":"https:\/\/www.worldpolicyconference.com\/fr\/wp-json\/wp\/v2\/media\/9894"}],"wp:attachment":[{"href":"https:\/\/www.worldpolicyconference.com\/fr\/wp-json\/wp\/v2\/media?parent=630"}],"wp:term":[{"taxonomy":"category","embeddable":true,"href":"https:\/\/www.worldpolicyconference.com\/fr\/wp-json\/wp\/v2\/categories?post=630"},{"taxonomy":"post_tag","embeddable":true,"href":"https:\/\/www.worldpolicyconference.com\/fr\/wp-json\/wp\/v2\/tags?post=630"}],"curies":[{"name":"wp","href":"https:\/\/api.w.org\/{rel}","templated":true}]}}