{"id":632,"date":"2014-05-12T09:13:07","date_gmt":"2014-05-12T08:13:07","guid":{"rendered":"http:\/\/www.worldpolicyconference.com\/thomas-gomart\/"},"modified":"2026-03-30T17:55:43","modified_gmt":"2026-03-30T16:55:43","slug":"thomas-gomart","status":"publish","type":"post","link":"https:\/\/www.worldpolicyconference.com\/fr\/thomas-gomart\/","title":{"rendered":"Thomas Gomart"},"content":{"rendered":"<p><\/p>\n<p style=\"text-align: justify;\"><span style=\"font-weight: 400;\">Directeur de l&rsquo;Institut fran\u00e7ais des relations internationales (Ifri) depuis 2015. Il a \u00e9t\u00e9 membre du comit\u00e9 de r\u00e9daction de la Revue strat\u00e9gique de d\u00e9fense et de s\u00e9curit\u00e9 nationale 2017, plac\u00e9e sous l\u2019autorit\u00e9 de la ministre des Arm\u00e9es. Thomas Gomart est membre du conseil scientifique de l\u2019IHEDN et du comit\u00e9 de r\u00e9daction des revues Politique \u00e9trang\u00e8re, Revue des deux mondes et \u00c9tudes. Ses travaux actuels portent sur la Russie, la gouvernance num\u00e9rique, la politique \u00e9trang\u00e8re fran\u00e7aise, le risque g\u00e9opolitique et les think tanks. Il a r\u00e9cemment publi\u00e9 L\u2019acc\u00e9l\u00e9ration de l\u2019histoire. <em>Les n\u0153uds g\u00e9ostrat\u00e9giques d\u2019un monde hors de contr\u00f4le <\/em>(Tallandier, 2024), <em>L\u2019affolement du monde <\/em>(Tallandier, 2019), <em>Guerres invisibles<\/em> (Tallandier, 2021) et <em>Les ambitions inavou\u00e9es.<\/em> <em>Ce que pr\u00e9parent les grandes puissances <\/em>(Tallandier, 2023). Son dernier livre, <em>Qui contr\u00f4le qui ? Les nouveaux rapports de force mondiaux<\/em>, \u00c9ditions Tallandier, est paru en janvier 2026. Thomas Gomart est docteur en histoire des relations internationales (Paris I Panth\u00e9on-Sorbonne) et dipl\u00f4m\u00e9 EMBA (HEC). Il est chevalier de l&rsquo;ordre national du m\u00e9rite.<\/span><\/p>\n<p><\/p>","protected":false},"excerpt":{"rendered":"<p>Directeur de l&rsquo;Institut fran\u00e7ais des relations internationales (Ifri) depuis 2015. Il a \u00e9t\u00e9 membre du comit\u00e9 de r\u00e9daction de la Revue strat\u00e9gique de d\u00e9fense et de s\u00e9curit\u00e9 nationale 2017, plac\u00e9e<\/p>\n","protected":false},"author":1,"featured_media":17955,"comment_status":"closed","ping_status":"open","sticky":false,"template":"","format":"standard","meta":{"footnotes":""},"categories":[8],"tags":[18,16,17,14,10,19,20,21,22,25,30,127,157],"class_list":["post-632","post","type-post","status-publish","format-standard","has-post-thumbnail","hentry","category-invited-guests","tag-18","tag-16","tag-17","tag-14","tag-10","tag-19","tag-20","tag-21","tag-22","tag-25","tag-30","tag-127","tag-157"],"_links":{"self":[{"href":"https:\/\/www.worldpolicyconference.com\/fr\/wp-json\/wp\/v2\/posts\/632","targetHints":{"allow":["GET"]}}],"collection":[{"href":"https:\/\/www.worldpolicyconference.com\/fr\/wp-json\/wp\/v2\/posts"}],"about":[{"href":"https:\/\/www.worldpolicyconference.com\/fr\/wp-json\/wp\/v2\/types\/post"}],"author":[{"embeddable":true,"href":"https:\/\/www.worldpolicyconference.com\/fr\/wp-json\/wp\/v2\/users\/1"}],"replies":[{"embeddable":true,"href":"https:\/\/www.worldpolicyconference.com\/fr\/wp-json\/wp\/v2\/comments?post=632"}],"version-history":[{"count":0,"href":"https:\/\/www.worldpolicyconference.com\/fr\/wp-json\/wp\/v2\/posts\/632\/revisions"}],"wp:featuredmedia":[{"embeddable":true,"href":"https:\/\/www.worldpolicyconference.com\/fr\/wp-json\/wp\/v2\/media\/17955"}],"wp:attachment":[{"href":"https:\/\/www.worldpolicyconference.com\/fr\/wp-json\/wp\/v2\/media?parent=632"}],"wp:term":[{"taxonomy":"category","embeddable":true,"href":"https:\/\/www.worldpolicyconference.com\/fr\/wp-json\/wp\/v2\/categories?post=632"},{"taxonomy":"post_tag","embeddable":true,"href":"https:\/\/www.worldpolicyconference.com\/fr\/wp-json\/wp\/v2\/tags?post=632"}],"curies":[{"name":"wp","href":"https:\/\/api.w.org\/{rel}","templated":true}]}}