{"id":638,"date":"2014-05-12T09:13:44","date_gmt":"2014-05-12T08:13:44","guid":{"rendered":"http:\/\/www.worldpolicyconference.com\/jean-paul-guevara-vila\/"},"modified":"2018-05-14T16:52:06","modified_gmt":"2018-05-14T15:52:06","slug":"jean-paul-guevara-vila","status":"publish","type":"post","link":"https:\/\/www.worldpolicyconference.com\/fr\/jean-paul-guevara-vila\/","title":{"rendered":"Jean-Paul Guevara &Aacute;vila"},"content":{"rendered":"<p><\/p>\n<p style=\"text-align: justify;\">Ambassadeur de l&rsquo;Etat plurinational de Bolivie en France. Ancien responsable du programme \u00ab Politique publique et Relations internationales de l&rsquo;Union europ\u00e9enne \u00bb \u00e0 l\u2019universit\u00e9 catholique de San Pablo, La Paz. Il a \u00e9t\u00e9 directeur g\u00e9n\u00e9ral des relations bilat\u00e9rales aupr\u00e8s du ministre des Affaires \u00e9trang\u00e8res de l\u2019Etat plurinational de Bolivie. Il poss\u00e8de une grande exp\u00e9rience professionnelle en mati\u00e8re de relations internationales relatives \u00e0 la migration et \u00e0 la coop\u00e9ration internationale. Professeur dans plusieurs grandes universit\u00e9s boliviennes et mexicaines. Publication :\u00a0<em>Les Migrations boliviennes et la mondialisation<\/em>, Editions Syllepse, Paris, 2004.<\/p>\n<p><\/p>","protected":false},"excerpt":{"rendered":"<p>Ambassadeur de l&rsquo;Etat plurinational de Bolivie en France. Ancien responsable du programme \u00ab Politique publique et Relations internationales de l&rsquo;Union europ\u00e9enne \u00bb \u00e0 l\u2019universit\u00e9 catholique de San Pablo, La Paz.<\/p>\n","protected":false},"author":1,"featured_media":9901,"comment_status":"closed","ping_status":"open","sticky":false,"template":"","format":"standard","meta":{"footnotes":""},"categories":[8],"tags":[15,16,17,14,10],"class_list":["post-638","post","type-post","status-publish","format-standard","has-post-thumbnail","hentry","category-invited-guests","tag-15","tag-16","tag-17","tag-14","tag-10"],"_links":{"self":[{"href":"https:\/\/www.worldpolicyconference.com\/fr\/wp-json\/wp\/v2\/posts\/638","targetHints":{"allow":["GET"]}}],"collection":[{"href":"https:\/\/www.worldpolicyconference.com\/fr\/wp-json\/wp\/v2\/posts"}],"about":[{"href":"https:\/\/www.worldpolicyconference.com\/fr\/wp-json\/wp\/v2\/types\/post"}],"author":[{"embeddable":true,"href":"https:\/\/www.worldpolicyconference.com\/fr\/wp-json\/wp\/v2\/users\/1"}],"replies":[{"embeddable":true,"href":"https:\/\/www.worldpolicyconference.com\/fr\/wp-json\/wp\/v2\/comments?post=638"}],"version-history":[{"count":0,"href":"https:\/\/www.worldpolicyconference.com\/fr\/wp-json\/wp\/v2\/posts\/638\/revisions"}],"wp:featuredmedia":[{"embeddable":true,"href":"https:\/\/www.worldpolicyconference.com\/fr\/wp-json\/wp\/v2\/media\/9901"}],"wp:attachment":[{"href":"https:\/\/www.worldpolicyconference.com\/fr\/wp-json\/wp\/v2\/media?parent=638"}],"wp:term":[{"taxonomy":"category","embeddable":true,"href":"https:\/\/www.worldpolicyconference.com\/fr\/wp-json\/wp\/v2\/categories?post=638"},{"taxonomy":"post_tag","embeddable":true,"href":"https:\/\/www.worldpolicyconference.com\/fr\/wp-json\/wp\/v2\/tags?post=638"}],"curies":[{"name":"wp","href":"https:\/\/api.w.org\/{rel}","templated":true}]}}