{"id":646,"date":"2014-05-12T09:14:33","date_gmt":"2014-05-12T08:14:33","guid":{"rendered":"http:\/\/www.worldpolicyconference.com\/steve-howard\/"},"modified":"2020-06-22T16:27:32","modified_gmt":"2020-06-22T15:27:32","slug":"steve-howard","status":"publish","type":"post","link":"https:\/\/www.worldpolicyconference.com\/fr\/steve-howard\/","title":{"rendered":"Steve Howard"},"content":{"rendered":"<p><\/p>\n<p style=\"text-align: justify;\">Secr\u00e9taire g\u00e9n\u00e9ral et fondateur de la Global Foundation, organisation bas\u00e9e en Australie dont les activit\u00e9s portent sur la d\u00e9termination des questions mondiales majeures, notamment la s\u00e9curit\u00e9 alimentaire mondiale, le d\u00e9veloppement durable, l\u2019\u00e9conomie num\u00e9rique, la responsabilisation et une meilleure gouvernance. Il a \u00e9t\u00e9 directeur du comit\u00e9 de r\u00e9daction du service de t\u00e9l\u00e9vision international australien. Parall\u00e8lement, il a \u00e9t\u00e9 conseiller aupr\u00e8s de plusieurs soci\u00e9t\u00e9s et institutions internationales, plus particuli\u00e8rement sur des questions li\u00e9es \u00e0 la Chine, l\u2019Indon\u00e9sie, l\u2019Europe et l\u2019Australie. Il a \u00e9t\u00e9 vice-pr\u00e9sident de la Global Private Equity Association. Il a re\u00e7u l\u2019Ordre National du M\u00e9rite en 2004 pour sa contribution au dialogue entre la France et l\u2019Australie.<\/p>\n<p><\/p>","protected":false},"excerpt":{"rendered":"<p>Secr\u00e9taire g\u00e9n\u00e9ral et fondateur de la Global Foundation, organisation bas\u00e9e en Australie dont les activit\u00e9s portent sur la d\u00e9termination des questions mondiales majeures, notamment la s\u00e9curit\u00e9 alimentaire mondiale, le d\u00e9veloppement<\/p>\n","protected":false},"author":1,"featured_media":9984,"comment_status":"closed","ping_status":"open","sticky":false,"template":"","format":"standard","meta":{"footnotes":""},"categories":[8],"tags":[15,16,17,14],"class_list":["post-646","post","type-post","status-publish","format-standard","has-post-thumbnail","hentry","category-invited-guests","tag-15","tag-16","tag-17","tag-14"],"_links":{"self":[{"href":"https:\/\/www.worldpolicyconference.com\/fr\/wp-json\/wp\/v2\/posts\/646","targetHints":{"allow":["GET"]}}],"collection":[{"href":"https:\/\/www.worldpolicyconference.com\/fr\/wp-json\/wp\/v2\/posts"}],"about":[{"href":"https:\/\/www.worldpolicyconference.com\/fr\/wp-json\/wp\/v2\/types\/post"}],"author":[{"embeddable":true,"href":"https:\/\/www.worldpolicyconference.com\/fr\/wp-json\/wp\/v2\/users\/1"}],"replies":[{"embeddable":true,"href":"https:\/\/www.worldpolicyconference.com\/fr\/wp-json\/wp\/v2\/comments?post=646"}],"version-history":[{"count":0,"href":"https:\/\/www.worldpolicyconference.com\/fr\/wp-json\/wp\/v2\/posts\/646\/revisions"}],"wp:featuredmedia":[{"embeddable":true,"href":"https:\/\/www.worldpolicyconference.com\/fr\/wp-json\/wp\/v2\/media\/9984"}],"wp:attachment":[{"href":"https:\/\/www.worldpolicyconference.com\/fr\/wp-json\/wp\/v2\/media?parent=646"}],"wp:term":[{"taxonomy":"category","embeddable":true,"href":"https:\/\/www.worldpolicyconference.com\/fr\/wp-json\/wp\/v2\/categories?post=646"},{"taxonomy":"post_tag","embeddable":true,"href":"https:\/\/www.worldpolicyconference.com\/fr\/wp-json\/wp\/v2\/tags?post=646"}],"curies":[{"name":"wp","href":"https:\/\/api.w.org\/{rel}","templated":true}]}}