{"id":652,"date":"2014-05-12T09:15:05","date_gmt":"2014-05-12T08:15:05","guid":{"rendered":"http:\/\/www.worldpolicyconference.com\/mo-ibrahim\/"},"modified":"2022-11-08T14:54:39","modified_gmt":"2022-11-08T13:54:39","slug":"mo-ibrahim","status":"publish","type":"post","link":"https:\/\/www.worldpolicyconference.com\/fr\/mo-ibrahim\/","title":{"rendered":"Mo Ibrahim"},"content":{"rendered":"<p><\/p>\n<p style=\"text-align: justify;\"><span style=\"font-weight: 400;\">Dr. Ibrahim est le fondateur et le pr\u00e9sident de la Fondation Mo Ibrahim, qu&rsquo;il a cr\u00e9\u00e9e en 2006 pour favoriser la bonne gouvernance et un leadership exceptionnel sur le continent africain. N\u00e9 au Soudan, Dr. Ibrahim a men\u00e9 une brillante carri\u00e8re dans le monde des affaires. En 1989, il a fond\u00e9 Mobile Systems International (MSI), l&rsquo;un des principaux fournisseurs mondiaux de logiciels et de services de conseil dans le domaine de la t\u00e9l\u00e9phonie mobile. En 1998, il a cr\u00e9\u00e9 Celtel International, l&rsquo;une des principales soci\u00e9t\u00e9s de t\u00e9l\u00e9phonie mobile d&rsquo;Afrique qui a \u00e9t\u00e9 vendue \u00e0 Zain en 2005. Dr. Ibrahim est \u00e9galement co-pr\u00e9sident fondateur d&rsquo;Africa Europe Foundation, lanc\u00e9e en 2020 pour r\u00e9initialiser et renforcer les relations afro-europ\u00e9ennes.<\/span><\/p>\n<p><\/p>","protected":false},"excerpt":{"rendered":"<p>Dr. Ibrahim est le fondateur et le pr\u00e9sident de la Fondation Mo Ibrahim, qu&rsquo;il a cr\u00e9\u00e9e en 2006 pour favoriser la bonne gouvernance et un leadership exceptionnel sur le continent<\/p>\n","protected":false},"author":1,"featured_media":14160,"comment_status":"closed","ping_status":"open","sticky":false,"template":"","format":"standard","meta":{"footnotes":""},"categories":[8],"tags":[16,14,10],"class_list":["post-652","post","type-post","status-publish","format-standard","has-post-thumbnail","hentry","category-invited-guests","tag-16","tag-14","tag-10"],"_links":{"self":[{"href":"https:\/\/www.worldpolicyconference.com\/fr\/wp-json\/wp\/v2\/posts\/652","targetHints":{"allow":["GET"]}}],"collection":[{"href":"https:\/\/www.worldpolicyconference.com\/fr\/wp-json\/wp\/v2\/posts"}],"about":[{"href":"https:\/\/www.worldpolicyconference.com\/fr\/wp-json\/wp\/v2\/types\/post"}],"author":[{"embeddable":true,"href":"https:\/\/www.worldpolicyconference.com\/fr\/wp-json\/wp\/v2\/users\/1"}],"replies":[{"embeddable":true,"href":"https:\/\/www.worldpolicyconference.com\/fr\/wp-json\/wp\/v2\/comments?post=652"}],"version-history":[{"count":0,"href":"https:\/\/www.worldpolicyconference.com\/fr\/wp-json\/wp\/v2\/posts\/652\/revisions"}],"wp:featuredmedia":[{"embeddable":true,"href":"https:\/\/www.worldpolicyconference.com\/fr\/wp-json\/wp\/v2\/media\/14160"}],"wp:attachment":[{"href":"https:\/\/www.worldpolicyconference.com\/fr\/wp-json\/wp\/v2\/media?parent=652"}],"wp:term":[{"taxonomy":"category","embeddable":true,"href":"https:\/\/www.worldpolicyconference.com\/fr\/wp-json\/wp\/v2\/categories?post=652"},{"taxonomy":"post_tag","embeddable":true,"href":"https:\/\/www.worldpolicyconference.com\/fr\/wp-json\/wp\/v2\/tags?post=652"}],"curies":[{"name":"wp","href":"https:\/\/api.w.org\/{rel}","templated":true}]}}