{"id":656,"date":"2014-05-12T09:15:33","date_gmt":"2014-05-12T08:15:33","guid":{"rendered":"http:\/\/www.worldpolicyconference.com\/peter-jankowitsch\/"},"modified":"2019-08-20T11:07:55","modified_gmt":"2019-08-20T10:07:55","slug":"peter-jankowitsch","status":"publish","type":"post","link":"https:\/\/www.worldpolicyconference.com\/fr\/peter-jankowitsch\/","title":{"rendered":"Peter Jankowitsch"},"content":{"rendered":"<p><\/p>\n<p style=\"text-align: justify;\"><span style=\"font-weight: 400;\">Membre du Directoire du Centre Franco-Autrichien pour le Rapprochement en Europe. Ancien ministre f\u00e9d\u00e9ral des Affaires \u00e9trang\u00e8res, repr\u00e9sentant permanent aupr\u00e8s des Nations unies et de l\u2019Organisation de Coop\u00e9ration et de D\u00e9veloppement \u00c9conomiques (OCDE), Pr\u00e9sident du Conseil de s\u00e9curit\u00e9 et vice-pr\u00e9sident du Comit\u00e9 directeur de l\u2019Agence Internationale de l\u2019\u00c9nergie. Il a fait des \u00e9tudes de droit, de sciences politiques et de langues modernes \u00e0 l\u2019Universit\u00e9 de Vienne et \u00e0 l\u2019Acad\u00e9mie de droit international de La Haye.<\/span><\/p>\n<p><\/p>","protected":false},"excerpt":{"rendered":"<p>Membre du Directoire du Centre Franco-Autrichien pour le Rapprochement en Europe. Ancien ministre f\u00e9d\u00e9ral des Affaires \u00e9trang\u00e8res, repr\u00e9sentant permanent aupr\u00e8s des Nations unies et de l\u2019Organisation de Coop\u00e9ration et de<\/p>\n","protected":false},"author":1,"featured_media":10050,"comment_status":"closed","ping_status":"open","sticky":false,"template":"","format":"standard","meta":{"footnotes":""},"categories":[8],"tags":[16,17,14,10,20,21,22,25],"class_list":["post-656","post","type-post","status-publish","format-standard","has-post-thumbnail","hentry","category-invited-guests","tag-16","tag-17","tag-14","tag-10","tag-20","tag-21","tag-22","tag-25"],"_links":{"self":[{"href":"https:\/\/www.worldpolicyconference.com\/fr\/wp-json\/wp\/v2\/posts\/656","targetHints":{"allow":["GET"]}}],"collection":[{"href":"https:\/\/www.worldpolicyconference.com\/fr\/wp-json\/wp\/v2\/posts"}],"about":[{"href":"https:\/\/www.worldpolicyconference.com\/fr\/wp-json\/wp\/v2\/types\/post"}],"author":[{"embeddable":true,"href":"https:\/\/www.worldpolicyconference.com\/fr\/wp-json\/wp\/v2\/users\/1"}],"replies":[{"embeddable":true,"href":"https:\/\/www.worldpolicyconference.com\/fr\/wp-json\/wp\/v2\/comments?post=656"}],"version-history":[{"count":0,"href":"https:\/\/www.worldpolicyconference.com\/fr\/wp-json\/wp\/v2\/posts\/656\/revisions"}],"wp:featuredmedia":[{"embeddable":true,"href":"https:\/\/www.worldpolicyconference.com\/fr\/wp-json\/wp\/v2\/media\/10050"}],"wp:attachment":[{"href":"https:\/\/www.worldpolicyconference.com\/fr\/wp-json\/wp\/v2\/media?parent=656"}],"wp:term":[{"taxonomy":"category","embeddable":true,"href":"https:\/\/www.worldpolicyconference.com\/fr\/wp-json\/wp\/v2\/categories?post=656"},{"taxonomy":"post_tag","embeddable":true,"href":"https:\/\/www.worldpolicyconference.com\/fr\/wp-json\/wp\/v2\/tags?post=656"}],"curies":[{"name":"wp","href":"https:\/\/api.w.org\/{rel}","templated":true}]}}