{"id":660,"date":"2014-05-12T09:16:02","date_gmt":"2014-05-12T08:16:02","guid":{"rendered":"http:\/\/www.worldpolicyconference.com\/bruno-joubert\/"},"modified":"2018-06-11T10:46:32","modified_gmt":"2018-06-11T09:46:32","slug":"bruno-joubert","status":"publish","type":"post","link":"https:\/\/www.worldpolicyconference.com\/fr\/bruno-joubert\/","title":{"rendered":"Bruno Joubert"},"content":{"rendered":"<p>Ancien Ambassadeur de France au Maroc. Il a \u00e9t\u00e9 en poste \u00e0 l\u2019Ambassade de France \u00e0 Washington (1978-1982) et \u00e0 la Repr\u00e9sentation Permanente fran\u00e7aise aupr\u00e8s de l\u2019Union Europ\u00e9enne (1986-1990), Directeur de Cabinet du ministre aux affaires Europ\u00e9ennes (1995-1997), Directeur de la Strat\u00e9gie, Minist\u00e8re de la D\u00e9fense (1997-2001), Ambassadeur, repr\u00e9sentant permanent de la France aupr\u00e8s de l\u2019Organisation pour la S\u00e9curit\u00e9 et la Coop\u00e9ration en Europe, \u00e0 Vienne (2001-2003), Directeur d\u2019Afrique au Minist\u00e8re des affaires Etrang\u00e8res (2003-2006), Secr\u00e9taire G\u00e9n\u00e9ral Adjoint du Minist\u00e8re des Affaires \u00e9trang\u00e8res (2006-2007), Conseiller diplomatique adjoint, charg\u00e9 de l\u2019Afrique \u00e0 la Pr\u00e9sidence de la R\u00e9publique (2007-2009). Il est dipl\u00f4m\u00e9 de l\u2019Institut d\u2019Etudes Politiques de Paris et de l\u2019Ecole Nationale d\u2019Administration.<\/p>","protected":false},"excerpt":{"rendered":"<p>Ancien Ambassadeur de France au Maroc. Il a \u00e9t\u00e9 en poste \u00e0 l\u2019Ambassade de France \u00e0 Washington (1978-1982) et \u00e0 la Repr\u00e9sentation Permanente fran\u00e7aise aupr\u00e8s de l\u2019Union Europ\u00e9enne (1986-1990), Directeur<\/p>\n","protected":false},"author":1,"featured_media":10596,"comment_status":"closed","ping_status":"open","sticky":false,"template":"","format":"standard","meta":{"footnotes":""},"categories":[8],"tags":[16],"class_list":["post-660","post","type-post","status-publish","format-standard","has-post-thumbnail","hentry","category-invited-guests","tag-16"],"_links":{"self":[{"href":"https:\/\/www.worldpolicyconference.com\/fr\/wp-json\/wp\/v2\/posts\/660","targetHints":{"allow":["GET"]}}],"collection":[{"href":"https:\/\/www.worldpolicyconference.com\/fr\/wp-json\/wp\/v2\/posts"}],"about":[{"href":"https:\/\/www.worldpolicyconference.com\/fr\/wp-json\/wp\/v2\/types\/post"}],"author":[{"embeddable":true,"href":"https:\/\/www.worldpolicyconference.com\/fr\/wp-json\/wp\/v2\/users\/1"}],"replies":[{"embeddable":true,"href":"https:\/\/www.worldpolicyconference.com\/fr\/wp-json\/wp\/v2\/comments?post=660"}],"version-history":[{"count":0,"href":"https:\/\/www.worldpolicyconference.com\/fr\/wp-json\/wp\/v2\/posts\/660\/revisions"}],"wp:featuredmedia":[{"embeddable":true,"href":"https:\/\/www.worldpolicyconference.com\/fr\/wp-json\/wp\/v2\/media\/10596"}],"wp:attachment":[{"href":"https:\/\/www.worldpolicyconference.com\/fr\/wp-json\/wp\/v2\/media?parent=660"}],"wp:term":[{"taxonomy":"category","embeddable":true,"href":"https:\/\/www.worldpolicyconference.com\/fr\/wp-json\/wp\/v2\/categories?post=660"},{"taxonomy":"post_tag","embeddable":true,"href":"https:\/\/www.worldpolicyconference.com\/fr\/wp-json\/wp\/v2\/tags?post=660"}],"curies":[{"name":"wp","href":"https:\/\/api.w.org\/{rel}","templated":true}]}}