{"id":662,"date":"2014-05-12T09:16:18","date_gmt":"2014-05-12T08:16:18","guid":{"rendered":"http:\/\/www.worldpolicyconference.com\/mohamed-kabbaj\/"},"modified":"2021-10-13T14:25:24","modified_gmt":"2021-10-13T13:25:24","slug":"mohamed-kabbaj","status":"publish","type":"post","link":"https:\/\/www.worldpolicyconference.com\/fr\/mohamed-kabbaj\/","title":{"rendered":"Mohamed Kabbaj"},"content":{"rendered":"<p><\/p>\n<p style=\"text-align: justify;\"><span style=\"font-weight: 400;\">Chancelier de l\u2019Universit\u00e9 Euro-M\u00e9diterran\u00e9enne de F\u00e8s et membre de l\u2019acad\u00e9mie Hassan II des Sciences et Techniques, Mohamed Kabbaj a \u00e9t\u00e9 conseiller de Sa Majest\u00e9 Le Roi Mohammed VI. Ancien ministre des Finances et des Investissements ext\u00e9rieurs, il a \u00e9t\u00e9 pr\u00e9sident du comit\u00e9 de d\u00e9veloppement du FMI et de la Banque mondiale ainsi que ministre des Travaux publics, de la Formation professionnelle et de la Formation des cadres. Il a aussi \u00e9t\u00e9 Wali de la r\u00e9gion de Casablanca, d\u00e9put\u00e9 au parlement et il a fond\u00e9 le Festival de Musiques Sacr\u00e9es du Monde \u00e0 F\u00e8s. Il est laur\u00e9at de l\u2019Ecole Polytechnique de Paris, ing\u00e9nieur, laur\u00e9at de l\u2019Ecole Nationale des Ponts et Chauss\u00e9es et titulaire du dipl\u00f4me d\u2019Etudes Approfondies en \u00e9conom\u00e9trie de la Sorbonne \u00e0 Paris.<\/span><\/p>\n<p><\/p>","protected":false},"excerpt":{"rendered":"<p>Chancelier de l\u2019Universit\u00e9 Euro-M\u00e9diterran\u00e9enne de F\u00e8s et membre de l\u2019acad\u00e9mie Hassan II des Sciences et Techniques, Mohamed Kabbaj a \u00e9t\u00e9 conseiller de Sa Majest\u00e9 Le Roi Mohammed VI. Ancien ministre<\/p>\n","protected":false},"author":1,"featured_media":14133,"comment_status":"closed","ping_status":"open","sticky":false,"template":"","format":"standard","meta":{"footnotes":""},"categories":[8],"tags":[16,14,10,20,21,22,25,30],"class_list":["post-662","post","type-post","status-publish","format-standard","has-post-thumbnail","hentry","category-invited-guests","tag-16","tag-14","tag-10","tag-20","tag-21","tag-22","tag-25","tag-30"],"_links":{"self":[{"href":"https:\/\/www.worldpolicyconference.com\/fr\/wp-json\/wp\/v2\/posts\/662","targetHints":{"allow":["GET"]}}],"collection":[{"href":"https:\/\/www.worldpolicyconference.com\/fr\/wp-json\/wp\/v2\/posts"}],"about":[{"href":"https:\/\/www.worldpolicyconference.com\/fr\/wp-json\/wp\/v2\/types\/post"}],"author":[{"embeddable":true,"href":"https:\/\/www.worldpolicyconference.com\/fr\/wp-json\/wp\/v2\/users\/1"}],"replies":[{"embeddable":true,"href":"https:\/\/www.worldpolicyconference.com\/fr\/wp-json\/wp\/v2\/comments?post=662"}],"version-history":[{"count":0,"href":"https:\/\/www.worldpolicyconference.com\/fr\/wp-json\/wp\/v2\/posts\/662\/revisions"}],"wp:featuredmedia":[{"embeddable":true,"href":"https:\/\/www.worldpolicyconference.com\/fr\/wp-json\/wp\/v2\/media\/14133"}],"wp:attachment":[{"href":"https:\/\/www.worldpolicyconference.com\/fr\/wp-json\/wp\/v2\/media?parent=662"}],"wp:term":[{"taxonomy":"category","embeddable":true,"href":"https:\/\/www.worldpolicyconference.com\/fr\/wp-json\/wp\/v2\/categories?post=662"},{"taxonomy":"post_tag","embeddable":true,"href":"https:\/\/www.worldpolicyconference.com\/fr\/wp-json\/wp\/v2\/tags?post=662"}],"curies":[{"name":"wp","href":"https:\/\/api.w.org\/{rel}","templated":true}]}}