{"id":670,"date":"2014-05-12T09:17:07","date_gmt":"2014-05-12T08:17:07","guid":{"rendered":"http:\/\/www.worldpolicyconference.com\/jean-de-kerguiziau-de-kervasdou\/"},"modified":"2024-11-18T11:51:39","modified_gmt":"2024-11-18T10:51:39","slug":"jean-de-kervasdoue","status":"publish","type":"post","link":"https:\/\/www.worldpolicyconference.com\/fr\/jean-de-kervasdoue\/","title":{"rendered":"Jean de Kervasdou\u00e9"},"content":{"rendered":"<p><\/p>\n<p style=\"text-align: justify;\"><span style=\"font-weight: 400;\">Professeur \u00e9m\u00e9rite de la chaire d\u2019\u00c9conomie et de Gestion des services de sant\u00e9 au Conservatoire national des arts et m\u00e9tiers (CNAM) et fondateur de l\u2019\u00c9cole Pasteur\/CNAM de sant\u00e9 publique. Il est membre de l\u2019Acad\u00e9mie des technologies et membre du conseil d\u2019orientation de la Fondation M\u00e9decins du monde. Ancien consultant aupr\u00e8s de l\u2019Organisation de coop\u00e9ration et de d\u00e9veloppement \u00e9conomiques, il a occup\u00e9 le poste de professeur invit\u00e9 \u00e0 l\u2019Universit\u00e9 de Yale, de directeur des h\u00f4pitaux au minist\u00e8re de la Sant\u00e9 et de charg\u00e9 de mission au Cabinet du Premier ministre.\u00a0Jean de Kervasdou\u00e9 est chroniqueur au <em>Point.fr<\/em>. Ing\u00e9nieur agronome de l\u2019Institut national agronomique Paris-Grignon, il est titulaire d\u2019un MBA et d\u2019un doctorat en Socio-\u00e9conomie de l\u2019Universit\u00e9 de Cornell.<\/span><\/p>\n<p><\/p>","protected":false},"excerpt":{"rendered":"<p>Professeur \u00e9m\u00e9rite de la chaire d\u2019\u00c9conomie et de Gestion des services de sant\u00e9 au Conservatoire national des arts et m\u00e9tiers (CNAM) et fondateur de l\u2019\u00c9cole Pasteur\/CNAM de sant\u00e9 publique. Il<\/p>\n","protected":false},"author":1,"featured_media":17459,"comment_status":"closed","ping_status":"open","sticky":false,"template":"","format":"standard","meta":{"footnotes":""},"categories":[8],"tags":[15,16,17,14,10,20,21,22,25,30,153,154,155],"class_list":["post-670","post","type-post","status-publish","format-standard","has-post-thumbnail","hentry","category-invited-guests","tag-15","tag-16","tag-17","tag-14","tag-10","tag-20","tag-21","tag-22","tag-25","tag-30","tag-153","tag-154","tag-155"],"_links":{"self":[{"href":"https:\/\/www.worldpolicyconference.com\/fr\/wp-json\/wp\/v2\/posts\/670","targetHints":{"allow":["GET"]}}],"collection":[{"href":"https:\/\/www.worldpolicyconference.com\/fr\/wp-json\/wp\/v2\/posts"}],"about":[{"href":"https:\/\/www.worldpolicyconference.com\/fr\/wp-json\/wp\/v2\/types\/post"}],"author":[{"embeddable":true,"href":"https:\/\/www.worldpolicyconference.com\/fr\/wp-json\/wp\/v2\/users\/1"}],"replies":[{"embeddable":true,"href":"https:\/\/www.worldpolicyconference.com\/fr\/wp-json\/wp\/v2\/comments?post=670"}],"version-history":[{"count":0,"href":"https:\/\/www.worldpolicyconference.com\/fr\/wp-json\/wp\/v2\/posts\/670\/revisions"}],"wp:featuredmedia":[{"embeddable":true,"href":"https:\/\/www.worldpolicyconference.com\/fr\/wp-json\/wp\/v2\/media\/17459"}],"wp:attachment":[{"href":"https:\/\/www.worldpolicyconference.com\/fr\/wp-json\/wp\/v2\/media?parent=670"}],"wp:term":[{"taxonomy":"category","embeddable":true,"href":"https:\/\/www.worldpolicyconference.com\/fr\/wp-json\/wp\/v2\/categories?post=670"},{"taxonomy":"post_tag","embeddable":true,"href":"https:\/\/www.worldpolicyconference.com\/fr\/wp-json\/wp\/v2\/tags?post=670"}],"curies":[{"name":"wp","href":"https:\/\/api.w.org\/{rel}","templated":true}]}}