{"id":672,"date":"2014-05-12T09:17:26","date_gmt":"2014-05-12T08:17:26","guid":{"rendered":"http:\/\/www.worldpolicyconference.com\/cae-one-kim\/"},"modified":"2018-06-11T10:48:11","modified_gmt":"2018-06-11T09:48:11","slug":"cae-one-kim","status":"publish","type":"post","link":"https:\/\/www.worldpolicyconference.com\/fr\/cae-one-kim\/","title":{"rendered":"Cae-One Kim"},"content":{"rendered":"<p><\/p>\n<p style=\"text-align: justify;\">Pr\u00e9sident du Conseil National de la recherche pour l\u2019\u00e9conomie, humanit\u00e9 et sciences sociales, Cor\u00e9e. Il a \u00e9t\u00e9 Professeur d\u2019\u00e9conomie \u00e0 l\u2019Universit\u00e9 Nationale de S\u00e9oul et doyen de la Facult\u00e9 des sciences sociales. Il a \u00e9galement \u00e9t\u00e9 Pr\u00e9sident fondateur de l\u2019Institut de d\u00e9veloppement strat\u00e9gique de la soci\u00e9t\u00e9 informatique, membre du Conseil mon\u00e9taire de Cor\u00e9e et Commissaire de la Commission de surveillance financi\u00e8re de la Cor\u00e9e. Il a \u00e9t\u00e9 pr\u00e9sident de la Korea Economic Association. Il a \u00e9crit de nombreux livres et articles sur l\u2019\u00e9conomie cor\u00e9enne et internationale. Apr\u00e8s des \u00e9tudes de droit \u00e0 l\u2019Universit\u00e9 Nationale de S\u00e9oul, il s\u2019est sp\u00e9cialis\u00e9 dans l\u2019int\u00e9gration \u00e9conomique europ\u00e9enne \u00e0 l\u2019Universit\u00e9 Libre de Bruxelles (MA, PhD).<\/p>\n<p><\/p>","protected":false},"excerpt":{"rendered":"<p>Pr\u00e9sident du Conseil National de la recherche pour l\u2019\u00e9conomie, humanit\u00e9 et sciences sociales, Cor\u00e9e. Il a \u00e9t\u00e9 Professeur d\u2019\u00e9conomie \u00e0 l\u2019Universit\u00e9 Nationale de S\u00e9oul et doyen de la Facult\u00e9 des<\/p>\n","protected":false},"author":1,"featured_media":10597,"comment_status":"closed","ping_status":"open","sticky":false,"template":"","format":"standard","meta":{"footnotes":""},"categories":[8],"tags":[16],"class_list":["post-672","post","type-post","status-publish","format-standard","has-post-thumbnail","hentry","category-invited-guests","tag-16"],"_links":{"self":[{"href":"https:\/\/www.worldpolicyconference.com\/fr\/wp-json\/wp\/v2\/posts\/672","targetHints":{"allow":["GET"]}}],"collection":[{"href":"https:\/\/www.worldpolicyconference.com\/fr\/wp-json\/wp\/v2\/posts"}],"about":[{"href":"https:\/\/www.worldpolicyconference.com\/fr\/wp-json\/wp\/v2\/types\/post"}],"author":[{"embeddable":true,"href":"https:\/\/www.worldpolicyconference.com\/fr\/wp-json\/wp\/v2\/users\/1"}],"replies":[{"embeddable":true,"href":"https:\/\/www.worldpolicyconference.com\/fr\/wp-json\/wp\/v2\/comments?post=672"}],"version-history":[{"count":0,"href":"https:\/\/www.worldpolicyconference.com\/fr\/wp-json\/wp\/v2\/posts\/672\/revisions"}],"wp:featuredmedia":[{"embeddable":true,"href":"https:\/\/www.worldpolicyconference.com\/fr\/wp-json\/wp\/v2\/media\/10597"}],"wp:attachment":[{"href":"https:\/\/www.worldpolicyconference.com\/fr\/wp-json\/wp\/v2\/media?parent=672"}],"wp:term":[{"taxonomy":"category","embeddable":true,"href":"https:\/\/www.worldpolicyconference.com\/fr\/wp-json\/wp\/v2\/categories?post=672"},{"taxonomy":"post_tag","embeddable":true,"href":"https:\/\/www.worldpolicyconference.com\/fr\/wp-json\/wp\/v2\/tags?post=672"}],"curies":[{"name":"wp","href":"https:\/\/api.w.org\/{rel}","templated":true}]}}