{"id":683,"date":"2014-05-12T09:19:01","date_gmt":"2014-05-12T08:19:01","guid":{"rendered":"http:\/\/www.worldpolicyconference.com\/eneko-landaburu\/"},"modified":"2020-06-22T16:29:00","modified_gmt":"2020-06-22T15:29:00","slug":"eneko-landaburu","status":"publish","type":"post","link":"https:\/\/www.worldpolicyconference.com\/fr\/eneko-landaburu\/","title":{"rendered":"Eneko Landaburu"},"content":{"rendered":"<p><\/p>\n<p style=\"text-align: justify;\">Ambassadeur, Chef de la D\u00e9l\u00e9gation de l&rsquo;Union europ\u00e9enne aupr\u00e8s du Royaume du Maroc. Il entam\u00e9 sa carri\u00e8re politique tr\u00e8s t\u00f4t, en 1980 il devient d\u00e9put\u00e9 du Parti socialiste ouvrier espagnol (PSOE) au parlement du Pays basque espagnol. Il se tourne ensuite vers l\u2019Europe communautaire, entre \u00e0 la Commission europ\u00e9enne et est nomm\u00e9 Directeur g\u00e9n\u00e9ral de la politique r\u00e9gionale et de coh\u00e9sion de la Communaut\u00e9 (1986). Il a \u00e9t\u00e9 Directeur g\u00e9n\u00e9ral de l\u2019\u00e9largissement de la Commission europ\u00e9enne (2000-2003). Il a \u00e9galement \u00e9t\u00e9 Directeur g\u00e9n\u00e9ral des Relations ext\u00e9rieures de la Commission europ\u00e9enne (2003-2009). Il est membre du conseil d\u2019administration du think tank Notre Europe, fond\u00e9 par Jacques Delors en 1996.<\/p>\n<p><\/p>","protected":false},"excerpt":{"rendered":"<p>Ambassadeur, Chef de la D\u00e9l\u00e9gation de l&rsquo;Union europ\u00e9enne aupr\u00e8s du Royaume du Maroc. Il entam\u00e9 sa carri\u00e8re politique tr\u00e8s t\u00f4t, en 1980 il devient d\u00e9put\u00e9 du Parti socialiste ouvrier espagnol<\/p>\n","protected":false},"author":1,"featured_media":10166,"comment_status":"closed","ping_status":"open","sticky":false,"template":"","format":"standard","meta":{"footnotes":""},"categories":[8],"tags":[15,16,14],"class_list":["post-683","post","type-post","status-publish","format-standard","has-post-thumbnail","hentry","category-invited-guests","tag-15","tag-16","tag-14"],"_links":{"self":[{"href":"https:\/\/www.worldpolicyconference.com\/fr\/wp-json\/wp\/v2\/posts\/683","targetHints":{"allow":["GET"]}}],"collection":[{"href":"https:\/\/www.worldpolicyconference.com\/fr\/wp-json\/wp\/v2\/posts"}],"about":[{"href":"https:\/\/www.worldpolicyconference.com\/fr\/wp-json\/wp\/v2\/types\/post"}],"author":[{"embeddable":true,"href":"https:\/\/www.worldpolicyconference.com\/fr\/wp-json\/wp\/v2\/users\/1"}],"replies":[{"embeddable":true,"href":"https:\/\/www.worldpolicyconference.com\/fr\/wp-json\/wp\/v2\/comments?post=683"}],"version-history":[{"count":0,"href":"https:\/\/www.worldpolicyconference.com\/fr\/wp-json\/wp\/v2\/posts\/683\/revisions"}],"wp:featuredmedia":[{"embeddable":true,"href":"https:\/\/www.worldpolicyconference.com\/fr\/wp-json\/wp\/v2\/media\/10166"}],"wp:attachment":[{"href":"https:\/\/www.worldpolicyconference.com\/fr\/wp-json\/wp\/v2\/media?parent=683"}],"wp:term":[{"taxonomy":"category","embeddable":true,"href":"https:\/\/www.worldpolicyconference.com\/fr\/wp-json\/wp\/v2\/categories?post=683"},{"taxonomy":"post_tag","embeddable":true,"href":"https:\/\/www.worldpolicyconference.com\/fr\/wp-json\/wp\/v2\/tags?post=683"}],"curies":[{"name":"wp","href":"https:\/\/api.w.org\/{rel}","templated":true}]}}