{"id":685,"date":"2014-05-12T09:19:15","date_gmt":"2014-05-12T08:19:15","guid":{"rendered":"http:\/\/www.worldpolicyconference.com\/fatine-layt\/"},"modified":"2018-06-07T14:21:08","modified_gmt":"2018-06-07T13:21:08","slug":"fatine-layt","status":"publish","type":"post","link":"https:\/\/www.worldpolicyconference.com\/fr\/fatine-layt\/","title":{"rendered":"Fatine Layt"},"content":{"rendered":"<p>Banqui\u00e8re chez LionTree. Ancienne membre du comit\u00e9 ex\u00e9cutif et associ\u00e9e g\u00e9rante d\u2019Oddo Corporate Finance. Quittant Euris, un fonds d\u2019investissement, puis Editeuris qui regroupe les participations d\u2019Euris dans divers groupes d\u2019\u00e9dition et de presse, elle devient PDG de la Compagnie europ\u00e9enne de presse professionnelle et cr\u00e9e sa propre structure baptis\u00e9e Intermezzo, une soci\u00e9t\u00e9 de conseil en ing\u00e9nierie financi\u00e8re sp\u00e9cialis\u00e9e dans les m\u00e9dias. En 2003, elle s\u2019associe avec Jean-Marie Messier et fonde Messier Partners LLC. Au bout de trois ans, elle cr\u00e9e Partanea, une petite banque d\u2019affaires \u00e0 actionnariat international, qu\u2019elle c\u00e9dera au groupe Oddo o\u00f9 elle occupe d\u00e9sormais ses fonctions actuelles. Elle est dipl\u00f4m\u00e9e de l\u2019Institut d\u2019\u00e9tudes politiques de Paris et titulaire d\u2019une formation d\u2019analyse financi\u00e8re \u00e0 la Soci\u00e9t\u00e9 fran\u00e7aise des analystes financiers.<\/p>","protected":false},"excerpt":{"rendered":"<p>Banqui\u00e8re chez LionTree. Ancienne membre du comit\u00e9 ex\u00e9cutif et associ\u00e9e g\u00e9rante d\u2019Oddo Corporate Finance. Quittant Euris, un fonds d\u2019investissement, puis Editeuris qui regroupe les participations d\u2019Euris dans divers groupes d\u2019\u00e9dition<\/p>\n","protected":false},"author":1,"featured_media":10474,"comment_status":"closed","ping_status":"open","sticky":false,"template":"","format":"standard","meta":{"footnotes":""},"categories":[8],"tags":[15],"class_list":["post-685","post","type-post","status-publish","format-standard","has-post-thumbnail","hentry","category-invited-guests","tag-15"],"_links":{"self":[{"href":"https:\/\/www.worldpolicyconference.com\/fr\/wp-json\/wp\/v2\/posts\/685","targetHints":{"allow":["GET"]}}],"collection":[{"href":"https:\/\/www.worldpolicyconference.com\/fr\/wp-json\/wp\/v2\/posts"}],"about":[{"href":"https:\/\/www.worldpolicyconference.com\/fr\/wp-json\/wp\/v2\/types\/post"}],"author":[{"embeddable":true,"href":"https:\/\/www.worldpolicyconference.com\/fr\/wp-json\/wp\/v2\/users\/1"}],"replies":[{"embeddable":true,"href":"https:\/\/www.worldpolicyconference.com\/fr\/wp-json\/wp\/v2\/comments?post=685"}],"version-history":[{"count":0,"href":"https:\/\/www.worldpolicyconference.com\/fr\/wp-json\/wp\/v2\/posts\/685\/revisions"}],"wp:featuredmedia":[{"embeddable":true,"href":"https:\/\/www.worldpolicyconference.com\/fr\/wp-json\/wp\/v2\/media\/10474"}],"wp:attachment":[{"href":"https:\/\/www.worldpolicyconference.com\/fr\/wp-json\/wp\/v2\/media?parent=685"}],"wp:term":[{"taxonomy":"category","embeddable":true,"href":"https:\/\/www.worldpolicyconference.com\/fr\/wp-json\/wp\/v2\/categories?post=685"},{"taxonomy":"post_tag","embeddable":true,"href":"https:\/\/www.worldpolicyconference.com\/fr\/wp-json\/wp\/v2\/tags?post=685"}],"curies":[{"name":"wp","href":"https:\/\/api.w.org\/{rel}","templated":true}]}}