{"id":691,"date":"2014-05-12T09:19:59","date_gmt":"2014-05-12T08:19:59","guid":{"rendered":"http:\/\/www.worldpolicyconference.com\/georg-lennkh\/"},"modified":"2016-06-17T14:22:22","modified_gmt":"2016-06-17T13:22:22","slug":"georg-lennkh","status":"publish","type":"post","link":"https:\/\/www.worldpolicyconference.com\/fr\/georg-lennkh\/","title":{"rendered":"Georg Lennkh"},"content":{"rendered":"<p><\/p>\n<p style=\"text-align: justify;\">Membre du Conseil d\u2019administration du Bruno Kreisky Forum for International Dialogue; de l\u2019International Law Institute (Washington, Kampala) ; Pr\u00e9sident du conseil d\u2019administration de CARE Autriche. Ancien envoy\u00e9 sp\u00e9cial pour l&rsquo;Afrique de la R\u00e9publique d&rsquo;Autriche (2005-2010). Il a \u00e9t\u00e9 Repr\u00e9sentant permanent de l\u2019Autriche \u00e0 l\u2019OCDE (1982-1993). En 1978, il est entr\u00e9 au Cabinet du Chancelier f\u00e9d\u00e9ral, Dr. Bruno Kreisky ; il a \u00e9t\u00e9 sherpa pour la pr\u00e9paration du premier sommet Nord-Sud \u00e0 Cancun (1981). Il a commenc\u00e9 sa carri\u00e8re au minist\u00e8re f\u00e9d\u00e9ral des Affaires \u00e9trang\u00e8res en 1965. Il a \u00e9tudi\u00e9 le droit et les sciences politiques \u00e0 Graz, Bologne (John Hopkins) et Chapel Hill (N.C., US).<\/p>\n<p><\/p>","protected":false},"excerpt":{"rendered":"<p>Membre du Conseil d\u2019administration du Bruno Kreisky Forum for International Dialogue; de l\u2019International Law Institute (Washington, Kampala) ; Pr\u00e9sident du conseil d\u2019administration de CARE Autriche. Ancien envoy\u00e9 sp\u00e9cial pour l&rsquo;Afrique<\/p>\n","protected":false},"author":1,"featured_media":10142,"comment_status":"closed","ping_status":"open","sticky":false,"template":"","format":"standard","meta":{"footnotes":""},"categories":[8],"tags":[15,17,14,10],"class_list":["post-691","post","type-post","status-publish","format-standard","has-post-thumbnail","hentry","category-invited-guests","tag-15","tag-17","tag-14","tag-10"],"_links":{"self":[{"href":"https:\/\/www.worldpolicyconference.com\/fr\/wp-json\/wp\/v2\/posts\/691","targetHints":{"allow":["GET"]}}],"collection":[{"href":"https:\/\/www.worldpolicyconference.com\/fr\/wp-json\/wp\/v2\/posts"}],"about":[{"href":"https:\/\/www.worldpolicyconference.com\/fr\/wp-json\/wp\/v2\/types\/post"}],"author":[{"embeddable":true,"href":"https:\/\/www.worldpolicyconference.com\/fr\/wp-json\/wp\/v2\/users\/1"}],"replies":[{"embeddable":true,"href":"https:\/\/www.worldpolicyconference.com\/fr\/wp-json\/wp\/v2\/comments?post=691"}],"version-history":[{"count":0,"href":"https:\/\/www.worldpolicyconference.com\/fr\/wp-json\/wp\/v2\/posts\/691\/revisions"}],"wp:featuredmedia":[{"embeddable":true,"href":"https:\/\/www.worldpolicyconference.com\/fr\/wp-json\/wp\/v2\/media\/10142"}],"wp:attachment":[{"href":"https:\/\/www.worldpolicyconference.com\/fr\/wp-json\/wp\/v2\/media?parent=691"}],"wp:term":[{"taxonomy":"category","embeddable":true,"href":"https:\/\/www.worldpolicyconference.com\/fr\/wp-json\/wp\/v2\/categories?post=691"},{"taxonomy":"post_tag","embeddable":true,"href":"https:\/\/www.worldpolicyconference.com\/fr\/wp-json\/wp\/v2\/tags?post=691"}],"curies":[{"name":"wp","href":"https:\/\/api.w.org\/{rel}","templated":true}]}}