{"id":696,"date":"2014-05-12T09:20:43","date_gmt":"2014-05-12T08:20:43","guid":{"rendered":"http:\/\/www.worldpolicyconference.com\/jacques-lesourne\/"},"modified":"2020-06-22T14:33:12","modified_gmt":"2020-06-22T13:33:12","slug":"jacques-lesourne","status":"publish","type":"post","link":"https:\/\/www.worldpolicyconference.com\/fr\/jacques-lesourne\/","title":{"rendered":"Jacques Lesourne"},"content":{"rendered":"<p><\/p>\n<p style=\"text-align: justify;\">Industriel et \u00e9conomiste fran\u00e7ais. Membre fondateur de l\u2019Acad\u00e9mie des technologies (France), Pr\u00e9sident du comit\u00e9 scientifique du programme \u00c9nergie de l\u2019Ifri. Il a \u00e9t\u00e9 chef de service aux Charbonnages de France (1954-1957), pr\u00e9sident du groupe Sema (1958-1975), directeur du projet Interfuturs \u00e0 l\u2019OCDE (1976-1979), pr\u00e9sident du d\u00e9partement \u00c9conomie et Gestion au Conservatoire National des Arts et M\u00e9tiers (CNAM), Paris (1976-1996), directeur-g\u00e9rant du\u00a0<em>Monde<\/em>\u00a0(1991-1994). Il est dipl\u00f4m\u00e9 de l\u2019\u00c9cole polytechnique et de l\u2019\u00c9cole des mines de Paris. Auteur d\u2019une trentaine de livres d\u2019\u00e9conomie, de prospective et d\u2019essais.<\/p>\n<p><\/p>","protected":false},"excerpt":{"rendered":"<p>Industriel et \u00e9conomiste fran\u00e7ais. Membre fondateur de l\u2019Acad\u00e9mie des technologies (France), Pr\u00e9sident du comit\u00e9 scientifique du programme \u00c9nergie de l\u2019Ifri. Il a \u00e9t\u00e9 chef de service aux Charbonnages de France<\/p>\n","protected":false},"author":1,"featured_media":10133,"comment_status":"closed","ping_status":"open","sticky":false,"template":"","format":"standard","meta":{"footnotes":""},"categories":[8],"tags":[18,16,17,14],"class_list":["post-696","post","type-post","status-publish","format-standard","has-post-thumbnail","hentry","category-invited-guests","tag-18","tag-16","tag-17","tag-14"],"_links":{"self":[{"href":"https:\/\/www.worldpolicyconference.com\/fr\/wp-json\/wp\/v2\/posts\/696","targetHints":{"allow":["GET"]}}],"collection":[{"href":"https:\/\/www.worldpolicyconference.com\/fr\/wp-json\/wp\/v2\/posts"}],"about":[{"href":"https:\/\/www.worldpolicyconference.com\/fr\/wp-json\/wp\/v2\/types\/post"}],"author":[{"embeddable":true,"href":"https:\/\/www.worldpolicyconference.com\/fr\/wp-json\/wp\/v2\/users\/1"}],"replies":[{"embeddable":true,"href":"https:\/\/www.worldpolicyconference.com\/fr\/wp-json\/wp\/v2\/comments?post=696"}],"version-history":[{"count":0,"href":"https:\/\/www.worldpolicyconference.com\/fr\/wp-json\/wp\/v2\/posts\/696\/revisions"}],"wp:featuredmedia":[{"embeddable":true,"href":"https:\/\/www.worldpolicyconference.com\/fr\/wp-json\/wp\/v2\/media\/10133"}],"wp:attachment":[{"href":"https:\/\/www.worldpolicyconference.com\/fr\/wp-json\/wp\/v2\/media?parent=696"}],"wp:term":[{"taxonomy":"category","embeddable":true,"href":"https:\/\/www.worldpolicyconference.com\/fr\/wp-json\/wp\/v2\/categories?post=696"},{"taxonomy":"post_tag","embeddable":true,"href":"https:\/\/www.worldpolicyconference.com\/fr\/wp-json\/wp\/v2\/tags?post=696"}],"curies":[{"name":"wp","href":"https:\/\/api.w.org\/{rel}","templated":true}]}}