{"id":698,"date":"2014-05-12T09:20:56","date_gmt":"2014-05-12T08:20:56","guid":{"rendered":"http:\/\/www.worldpolicyconference.com\/jean-david-levitte\/"},"modified":"2026-03-17T15:11:30","modified_gmt":"2026-03-17T14:11:30","slug":"jean-david-levitte","status":"publish","type":"post","link":"https:\/\/www.worldpolicyconference.com\/fr\/jean-david-levitte\/","title":{"rendered":"Jean-David Levitte"},"content":{"rendered":"<p><\/p>\n<p style=\"text-align: justify;\"><span style=\"font-weight: 400;\">Membre de l&rsquo;Institut de France et pr\u00e9sident du Conseil de fondation du Centre de politique de s\u00e9curit\u00e9 de Gen\u00e8ve (GCSP), Jean-David Levitte a eu une carri\u00e8re prestigieuse dans les affaires \u00e9trang\u00e8res fran\u00e7aises. L&rsquo;ambassadeur de France \u00e9tait le conseiller diplomatique et sherpa du Pr\u00e9sident Sarkozy entre 2007 et 2012 et de Jacques Chirac entre 1995 et 2000. Il a \u00e9galement \u00e9t\u00e9 ambassadeur aupr\u00e8s des Etats-Unis (2003-2007) apr\u00e8s avoir occup\u00e9 le m\u00eame poste aupr\u00e8s des Nations Unies (2000-2002). A partir de 1990, il a occup\u00e9 plusieurs fonctions importantes au minist\u00e8re fran\u00e7ais des Affaires \u00e9trang\u00e8res, d&rsquo;abord en tant que secr\u00e9taire \u00e0 la direction d\u2019Asie-Oc\u00e9anie et sous-secr\u00e9taire pour la coop\u00e9ration culturelle et scientifique. En 1988, il a \u00e9t\u00e9 ambassadeur aupr\u00e8s des Nations Unies \u00e0 Gen\u00e8ve. Entr\u00e9 au Quai d\u2019Orsay en 1970, il a commenc\u00e9 sa carri\u00e8re diplomatique \u00e0 Hong-Kong puis \u00e0 P\u00e9kin avant de rejoindre l\u2019\u00c9lys\u00e9e par demande de Val\u00e9ry Giscard d&rsquo;Estaing (1975-1981). Il est titulaire d\u2019une licence de droit et dipl\u00f4m\u00e9 de l\u2019Institut d\u2019\u00e9tudes politiques de Paris (SciencesPo) et de l\u2019Institut national des langues et civilisations orientales (INALCO).<\/span><\/p>\n<p><\/p>","protected":false},"excerpt":{"rendered":"<p>Membre de l&rsquo;Institut de France et pr\u00e9sident du Conseil de fondation du Centre de politique de s\u00e9curit\u00e9 de Gen\u00e8ve (GCSP), Jean-David Levitte a eu une carri\u00e8re prestigieuse dans les affaires<\/p>\n","protected":false},"author":1,"featured_media":15637,"comment_status":"closed","ping_status":"open","sticky":false,"template":"","format":"standard","meta":{"footnotes":""},"categories":[8],"tags":[15,16,17,14,10,19,20,157],"class_list":["post-698","post","type-post","status-publish","format-standard","has-post-thumbnail","hentry","category-invited-guests","tag-15","tag-16","tag-17","tag-14","tag-10","tag-19","tag-20","tag-157"],"_links":{"self":[{"href":"https:\/\/www.worldpolicyconference.com\/fr\/wp-json\/wp\/v2\/posts\/698","targetHints":{"allow":["GET"]}}],"collection":[{"href":"https:\/\/www.worldpolicyconference.com\/fr\/wp-json\/wp\/v2\/posts"}],"about":[{"href":"https:\/\/www.worldpolicyconference.com\/fr\/wp-json\/wp\/v2\/types\/post"}],"author":[{"embeddable":true,"href":"https:\/\/www.worldpolicyconference.com\/fr\/wp-json\/wp\/v2\/users\/1"}],"replies":[{"embeddable":true,"href":"https:\/\/www.worldpolicyconference.com\/fr\/wp-json\/wp\/v2\/comments?post=698"}],"version-history":[{"count":0,"href":"https:\/\/www.worldpolicyconference.com\/fr\/wp-json\/wp\/v2\/posts\/698\/revisions"}],"wp:featuredmedia":[{"embeddable":true,"href":"https:\/\/www.worldpolicyconference.com\/fr\/wp-json\/wp\/v2\/media\/15637"}],"wp:attachment":[{"href":"https:\/\/www.worldpolicyconference.com\/fr\/wp-json\/wp\/v2\/media?parent=698"}],"wp:term":[{"taxonomy":"category","embeddable":true,"href":"https:\/\/www.worldpolicyconference.com\/fr\/wp-json\/wp\/v2\/categories?post=698"},{"taxonomy":"post_tag","embeddable":true,"href":"https:\/\/www.worldpolicyconference.com\/fr\/wp-json\/wp\/v2\/tags?post=698"}],"curies":[{"name":"wp","href":"https:\/\/api.w.org\/{rel}","templated":true}]}}