{"id":704,"date":"2014-05-12T09:21:35","date_gmt":"2014-05-12T08:21:35","guid":{"rendered":"http:\/\/www.worldpolicyconference.com\/hubert-loiseleur-des-longchamps\/"},"modified":"2018-06-07T14:59:06","modified_gmt":"2018-06-07T13:59:06","slug":"hubert-loiseleur-des-longchamps","status":"publish","type":"post","link":"https:\/\/www.worldpolicyconference.com\/fr\/hubert-loiseleur-des-longchamps\/","title":{"rendered":"Hubert Loiseleur des Longchamps"},"content":{"rendered":"<p><\/p>\n<p style=\"text-align: justify;\">Directeur, Affaires publiques du groupe Total depuis 2010. Il occupait auparavant le poste de directeur des Relations internationales du groupe depuis 2005. Il a occup\u00e9 diff\u00e9rentes fonctions en administration centrale et \u00e0 l\u2019\u00e9tranger comme attach\u00e9 financier. Il a notamment \u00e9t\u00e9 directeur adjoint des Hydrocarbures au minist\u00e8re de l\u2019Industrie (1990-1994). Il a rejoint le groupe Elf en 1994 comme coordonnateur Moyen-Orient \u00e0 la direction du domaine minier d\u2019Elf. Il a ensuite pris la direction Moyen-Orient gaz-\u00e9lectricit\u00e9 du groupe TotalFinaElf avant d\u2019\u00eatre nomm\u00e9 en 2002 Directeur g\u00e9n\u00e9ral de Total E&#038;P Angola. Il est ancien \u00e9l\u00e8ve de l\u2019ENA, dipl\u00f4m\u00e9 de l\u2019Institut d\u2019\u00c9tudes Politiques de Paris, et titulaire d\u2019un DESS de droit public.<\/p>\n<p><\/p>","protected":false},"excerpt":{"rendered":"<p>Directeur, Affaires publiques du groupe Total depuis 2010. Il occupait auparavant le poste de directeur des Relations internationales du groupe depuis 2005. Il a occup\u00e9 diff\u00e9rentes fonctions en administration centrale<\/p>\n","protected":false},"author":1,"featured_media":10085,"comment_status":"closed","ping_status":"open","sticky":false,"template":"","format":"standard","meta":{"footnotes":""},"categories":[8],"tags":[15,16,17,14,10,20],"class_list":["post-704","post","type-post","status-publish","format-standard","has-post-thumbnail","hentry","category-invited-guests","tag-15","tag-16","tag-17","tag-14","tag-10","tag-20"],"_links":{"self":[{"href":"https:\/\/www.worldpolicyconference.com\/fr\/wp-json\/wp\/v2\/posts\/704","targetHints":{"allow":["GET"]}}],"collection":[{"href":"https:\/\/www.worldpolicyconference.com\/fr\/wp-json\/wp\/v2\/posts"}],"about":[{"href":"https:\/\/www.worldpolicyconference.com\/fr\/wp-json\/wp\/v2\/types\/post"}],"author":[{"embeddable":true,"href":"https:\/\/www.worldpolicyconference.com\/fr\/wp-json\/wp\/v2\/users\/1"}],"replies":[{"embeddable":true,"href":"https:\/\/www.worldpolicyconference.com\/fr\/wp-json\/wp\/v2\/comments?post=704"}],"version-history":[{"count":0,"href":"https:\/\/www.worldpolicyconference.com\/fr\/wp-json\/wp\/v2\/posts\/704\/revisions"}],"wp:featuredmedia":[{"embeddable":true,"href":"https:\/\/www.worldpolicyconference.com\/fr\/wp-json\/wp\/v2\/media\/10085"}],"wp:attachment":[{"href":"https:\/\/www.worldpolicyconference.com\/fr\/wp-json\/wp\/v2\/media?parent=704"}],"wp:term":[{"taxonomy":"category","embeddable":true,"href":"https:\/\/www.worldpolicyconference.com\/fr\/wp-json\/wp\/v2\/categories?post=704"},{"taxonomy":"post_tag","embeddable":true,"href":"https:\/\/www.worldpolicyconference.com\/fr\/wp-json\/wp\/v2\/tags?post=704"}],"curies":[{"name":"wp","href":"https:\/\/api.w.org\/{rel}","templated":true}]}}