{"id":715,"date":"2014-05-12T09:23:22","date_gmt":"2014-05-12T08:23:22","guid":{"rendered":"http:\/\/www.worldpolicyconference.com\/christophe-de-margerie\/"},"modified":"2018-06-11T14:48:45","modified_gmt":"2018-06-11T13:48:45","slug":"christophe-de-margerie","status":"publish","type":"post","link":"https:\/\/www.worldpolicyconference.com\/fr\/christophe-de-margerie\/","title":{"rendered":"Christophe de Margerie"},"content":{"rendered":"<p><\/p>\n<p style=\"text-align: justify;\">Ancien Pr\u00e9sident-directeur g\u00e9n\u00e9ral de Total. Il a rejoint le groupe en 1974 et il a exerc\u00e9 diff\u00e9rentes fonctions \u00e0 la direction financi\u00e8re de Total, ainsi qu\u2019\u00e0 la direction Exploration &amp; Production. En 1995, il est nomm\u00e9 Directeur g\u00e9n\u00e9ral de Total Moyen-Orient. En 2000, il devient Directeur g\u00e9n\u00e9ral adjoint de l\u2019Exploration &amp; Production du nouveau groupe TotalFinaElf qui prendra le nom de Total en 2003. En 2002, il est nomm\u00e9 Directeur G\u00e9n\u00e9ral de l\u2019Exploration &amp; Production. En mai 2006, il est \u00e9lu administrateur de Total et en f\u00e9vrier 2007, il devient Directeur g\u00e9n\u00e9ral de Total et d\u00e8s lors pr\u00e9side son Comit\u00e9 ex\u00e9cutif. Il est dipl\u00f4m\u00e9 de l\u2019\u00c9cole Sup\u00e9rieure de Commerce de Paris.<\/p>\n<p><\/p>","protected":false},"excerpt":{"rendered":"<p>Ancien Pr\u00e9sident-directeur g\u00e9n\u00e9ral de Total. Il a rejoint le groupe en 1974 et il a exerc\u00e9 diff\u00e9rentes fonctions \u00e0 la direction financi\u00e8re de Total, ainsi qu\u2019\u00e0 la direction Exploration &amp;<\/p>\n","protected":false},"author":1,"featured_media":9993,"comment_status":"closed","ping_status":"open","sticky":false,"template":"","format":"standard","meta":{"footnotes":""},"categories":[8],"tags":[18,16,17,14,10],"class_list":["post-715","post","type-post","status-publish","format-standard","has-post-thumbnail","hentry","category-invited-guests","tag-18","tag-16","tag-17","tag-14","tag-10"],"_links":{"self":[{"href":"https:\/\/www.worldpolicyconference.com\/fr\/wp-json\/wp\/v2\/posts\/715","targetHints":{"allow":["GET"]}}],"collection":[{"href":"https:\/\/www.worldpolicyconference.com\/fr\/wp-json\/wp\/v2\/posts"}],"about":[{"href":"https:\/\/www.worldpolicyconference.com\/fr\/wp-json\/wp\/v2\/types\/post"}],"author":[{"embeddable":true,"href":"https:\/\/www.worldpolicyconference.com\/fr\/wp-json\/wp\/v2\/users\/1"}],"replies":[{"embeddable":true,"href":"https:\/\/www.worldpolicyconference.com\/fr\/wp-json\/wp\/v2\/comments?post=715"}],"version-history":[{"count":0,"href":"https:\/\/www.worldpolicyconference.com\/fr\/wp-json\/wp\/v2\/posts\/715\/revisions"}],"wp:featuredmedia":[{"embeddable":true,"href":"https:\/\/www.worldpolicyconference.com\/fr\/wp-json\/wp\/v2\/media\/9993"}],"wp:attachment":[{"href":"https:\/\/www.worldpolicyconference.com\/fr\/wp-json\/wp\/v2\/media?parent=715"}],"wp:term":[{"taxonomy":"category","embeddable":true,"href":"https:\/\/www.worldpolicyconference.com\/fr\/wp-json\/wp\/v2\/categories?post=715"},{"taxonomy":"post_tag","embeddable":true,"href":"https:\/\/www.worldpolicyconference.com\/fr\/wp-json\/wp\/v2\/tags?post=715"}],"curies":[{"name":"wp","href":"https:\/\/api.w.org\/{rel}","templated":true}]}}