{"id":726,"date":"2014-05-12T09:24:39","date_gmt":"2014-05-12T08:24:39","guid":{"rendered":"http:\/\/www.worldpolicyconference.com\/miguel-ngel-moratinos\/"},"modified":"2023-10-19T14:41:02","modified_gmt":"2023-10-19T13:41:02","slug":"miguel-ngel-moratinos","status":"publish","type":"post","link":"https:\/\/www.worldpolicyconference.com\/fr\/miguel-ngel-moratinos\/","title":{"rendered":"Miguel \u00c1ngel Moratinos"},"content":{"rendered":"<p><\/p>\n<p style=\"text-align: justify;\"><span style=\"font-weight: 400;\">Haut repr\u00e9sentant des Nations unies pour l\u2019Alliance des civilisations. Ancien ministre des Affaires \u00e9trang\u00e8res et de la Coop\u00e9ration d\u2019Espagne (2004-2010), il a \u00e9galement \u00e9t\u00e9 directeur de l\u2019Institut de coop\u00e9ration avec le monde arabe (1991-1993) et directeur g\u00e9n\u00e9ral de Politique \u00e9trang\u00e8re pour l\u2019Afrique et le Moyen-Orient (1993-1996). Il a \u00e9t\u00e9 ambassadeur d\u2019Espagne en Isra\u00ebl (1996) puis repr\u00e9sentant sp\u00e9cial de l\u2019UE pour le processus de paix au Moyen-Orient (1996-2003). De 2010 \u00e0 2011 il a exerc\u00e9 une activit\u00e9 parlementaire et a \u00e9t\u00e9 candidat \u00e0 la direction g\u00e9n\u00e9rale de la FAO. En janvier 2012, il a rejoint l\u2019\u00e9quipe de l\u2019Alliance mondiale des pays d\u00e9sertiques (Global Dry Land Alliance) au Qatar, promouvant un trait\u00e9 pour la s\u00e9curit\u00e9 alimentaire. De 2012 \u00e0 2013 il a \u00e9t\u00e9 membre du Groupe consultatif de Haut niveau du pr\u00e9sident de la 67\u00e8me Assembl\u00e9e g\u00e9n\u00e9rale des Nations Unies. Avant d\u2019\u00eatre nomm\u00e9 Haut-Repr\u00e9sentant des Nations Unies pour l\u2019Alliance des civilisations, M. Moratinos \u00e9tait pr\u00e9sident honoraire du comit\u00e9 consultatif du CIRSD (Centre des relations internationales et pour le d\u00e9veloppement durable), conseiller principal du SDSN (R\u00e9seau de solutions pour le d\u00e9veloppement durable) \u00e0 l\u2019Institut Earth de l\u2019Universit\u00e9 de Columbia, membre du conseil de direction du SDSN des Nations Unies et pr\u00e9sident honoraire du r\u00e9seau SDSN d\u2019Espagne (REDS).<\/span><\/p>\n<p><\/p>","protected":false},"excerpt":{"rendered":"<p>Haut repr\u00e9sentant des Nations unies pour l\u2019Alliance des civilisations. Ancien ministre des Affaires \u00e9trang\u00e8res et de la Coop\u00e9ration d\u2019Espagne (2004-2010), il a \u00e9galement \u00e9t\u00e9 directeur de l\u2019Institut de coop\u00e9ration avec<\/p>\n","protected":false},"author":1,"featured_media":16825,"comment_status":"closed","ping_status":"open","sticky":false,"template":"","format":"standard","meta":{"footnotes":""},"categories":[8],"tags":[16,19,20,21,22,25,30],"class_list":["post-726","post","type-post","status-publish","format-standard","has-post-thumbnail","hentry","category-invited-guests","tag-16","tag-19","tag-20","tag-21","tag-22","tag-25","tag-30"],"_links":{"self":[{"href":"https:\/\/www.worldpolicyconference.com\/fr\/wp-json\/wp\/v2\/posts\/726","targetHints":{"allow":["GET"]}}],"collection":[{"href":"https:\/\/www.worldpolicyconference.com\/fr\/wp-json\/wp\/v2\/posts"}],"about":[{"href":"https:\/\/www.worldpolicyconference.com\/fr\/wp-json\/wp\/v2\/types\/post"}],"author":[{"embeddable":true,"href":"https:\/\/www.worldpolicyconference.com\/fr\/wp-json\/wp\/v2\/users\/1"}],"replies":[{"embeddable":true,"href":"https:\/\/www.worldpolicyconference.com\/fr\/wp-json\/wp\/v2\/comments?post=726"}],"version-history":[{"count":0,"href":"https:\/\/www.worldpolicyconference.com\/fr\/wp-json\/wp\/v2\/posts\/726\/revisions"}],"wp:featuredmedia":[{"embeddable":true,"href":"https:\/\/www.worldpolicyconference.com\/fr\/wp-json\/wp\/v2\/media\/16825"}],"wp:attachment":[{"href":"https:\/\/www.worldpolicyconference.com\/fr\/wp-json\/wp\/v2\/media?parent=726"}],"wp:term":[{"taxonomy":"category","embeddable":true,"href":"https:\/\/www.worldpolicyconference.com\/fr\/wp-json\/wp\/v2\/categories?post=726"},{"taxonomy":"post_tag","embeddable":true,"href":"https:\/\/www.worldpolicyconference.com\/fr\/wp-json\/wp\/v2\/tags?post=726"}],"curies":[{"name":"wp","href":"https:\/\/api.w.org\/{rel}","templated":true}]}}