{"id":730,"date":"2014-05-12T09:25:10","date_gmt":"2014-05-12T08:25:10","guid":{"rendered":"http:\/\/www.worldpolicyconference.com\/pierre-morel\/"},"modified":"2026-04-22T13:29:24","modified_gmt":"2026-04-22T12:29:24","slug":"pierre-morel","status":"publish","type":"post","link":"https:\/\/www.worldpolicyconference.com\/fr\/pierre-morel\/","title":{"rendered":"Pierre Morel"},"content":{"rendered":"<p><\/p>\n<p style=\"text-align: justify;\"><span style=\"font-weight: 400;\">Ancien diplomate, co-pr\u00e9sident de l\u2019Observatoire Pharos du pluralisme des cultures et des religions, cr\u00e9\u00e9 en 2011. Entr\u00e9 au Quai d\u2019Orsay en 1971; nomm\u00e9 directeur des Affaires politiques en1985, puis ambassadeur \u00e0 la Conf\u00e9rence du d\u00e9sarmement \u00e0 Gen\u00e8ve (1986-1990) ; conseiller diplomatique \u00e0 la Pr\u00e9sidence de la R\u00e9publique (1991-1992), puis ambassadeur de France \u00e0 Moscou en 1992 ; \u00e0 P\u00e9kin en 1996 ; et pr\u00e8s le Saint Si\u00e8ge de 2002 \u00e0 2005. Repr\u00e9sentant sp\u00e9cial de l\u2019Union europ\u00e9enne pour l\u2019Asie centrale (2006-2012) et pour la crise en G\u00e9orgie (2008-2011) ; puis coordinateur du groupe politique des n\u00e9gociations OSCE de Minsk sur l\u2019Ukraine de 2014 \u00e0 2021.<\/span><\/p>\n<p><\/p>","protected":false},"excerpt":{"rendered":"<p>Ancien diplomate, co-pr\u00e9sident de l\u2019Observatoire Pharos du pluralisme des cultures et des religions, cr\u00e9\u00e9 en 2011. Entr\u00e9 au Quai d\u2019Orsay en 1971; nomm\u00e9 directeur des Affaires politiques en1985, puis ambassadeur<\/p>\n","protected":false},"author":1,"featured_media":18047,"comment_status":"closed","ping_status":"open","sticky":false,"template":"","format":"standard","meta":{"footnotes":""},"categories":[8],"tags":[15,16,17,14,10,19,20,25,30,157],"class_list":["post-730","post","type-post","status-publish","format-standard","has-post-thumbnail","hentry","category-invited-guests","tag-15","tag-16","tag-17","tag-14","tag-10","tag-19","tag-20","tag-25","tag-30","tag-157"],"_links":{"self":[{"href":"https:\/\/www.worldpolicyconference.com\/fr\/wp-json\/wp\/v2\/posts\/730","targetHints":{"allow":["GET"]}}],"collection":[{"href":"https:\/\/www.worldpolicyconference.com\/fr\/wp-json\/wp\/v2\/posts"}],"about":[{"href":"https:\/\/www.worldpolicyconference.com\/fr\/wp-json\/wp\/v2\/types\/post"}],"author":[{"embeddable":true,"href":"https:\/\/www.worldpolicyconference.com\/fr\/wp-json\/wp\/v2\/users\/1"}],"replies":[{"embeddable":true,"href":"https:\/\/www.worldpolicyconference.com\/fr\/wp-json\/wp\/v2\/comments?post=730"}],"version-history":[{"count":0,"href":"https:\/\/www.worldpolicyconference.com\/fr\/wp-json\/wp\/v2\/posts\/730\/revisions"}],"wp:featuredmedia":[{"embeddable":true,"href":"https:\/\/www.worldpolicyconference.com\/fr\/wp-json\/wp\/v2\/media\/18047"}],"wp:attachment":[{"href":"https:\/\/www.worldpolicyconference.com\/fr\/wp-json\/wp\/v2\/media?parent=730"}],"wp:term":[{"taxonomy":"category","embeddable":true,"href":"https:\/\/www.worldpolicyconference.com\/fr\/wp-json\/wp\/v2\/categories?post=730"},{"taxonomy":"post_tag","embeddable":true,"href":"https:\/\/www.worldpolicyconference.com\/fr\/wp-json\/wp\/v2\/tags?post=730"}],"curies":[{"name":"wp","href":"https:\/\/api.w.org\/{rel}","templated":true}]}}