{"id":735,"date":"2014-05-12T09:25:53","date_gmt":"2014-05-12T08:25:53","guid":{"rendered":"http:\/\/www.worldpolicyconference.com\/craig-mundie\/"},"modified":"2018-06-11T17:04:02","modified_gmt":"2018-06-11T16:04:02","slug":"craig-mundie","status":"publish","type":"post","link":"https:\/\/www.worldpolicyconference.com\/fr\/craig-mundie\/","title":{"rendered":"Craig Mundie"},"content":{"rendered":"<p>Directeur de la recherche et de la strat\u00e9gie de Microsoft. Il fait partie du Comit\u00e9 national de conseil sur la s\u00e9curit\u00e9 des t\u00e9l\u00e9communications et du Groupe de travail sur la s\u00e9curit\u00e9 nationale \u00e0 l\u2019\u00e8re de l\u2019information. Il a \u00e9t\u00e9 nomm\u00e9 membre du Conseil consultatif des sciences et des technologies par le Pr\u00e9sident Barack Obama. Il a cr\u00e9\u00e9 de nombreuses start-up dans diff\u00e9rents domaines. Il a \u00e9t\u00e9 le principal contact de Microsoft pour la politique de technologie aupr\u00e8s des gouvernements am\u00e9ricain et \u00e9trangers. Il est dipl\u00f4m\u00e9 en g\u00e9nie \u00e9lectrique et a obtenu une ma\u00eetrise en th\u00e9orie de l\u2019information et en informatique \u00e0 Georgia Tech.<\/p>","protected":false},"excerpt":{"rendered":"<p>Directeur de la recherche et de la strat\u00e9gie de Microsoft. Il fait partie du Comit\u00e9 national de conseil sur la s\u00e9curit\u00e9 des t\u00e9l\u00e9communications et du Groupe de travail sur la<\/p>\n","protected":false},"author":1,"featured_media":10604,"comment_status":"closed","ping_status":"open","sticky":false,"template":"","format":"standard","meta":{"footnotes":""},"categories":[8],"tags":[16],"class_list":["post-735","post","type-post","status-publish","format-standard","has-post-thumbnail","hentry","category-invited-guests","tag-16"],"_links":{"self":[{"href":"https:\/\/www.worldpolicyconference.com\/fr\/wp-json\/wp\/v2\/posts\/735","targetHints":{"allow":["GET"]}}],"collection":[{"href":"https:\/\/www.worldpolicyconference.com\/fr\/wp-json\/wp\/v2\/posts"}],"about":[{"href":"https:\/\/www.worldpolicyconference.com\/fr\/wp-json\/wp\/v2\/types\/post"}],"author":[{"embeddable":true,"href":"https:\/\/www.worldpolicyconference.com\/fr\/wp-json\/wp\/v2\/users\/1"}],"replies":[{"embeddable":true,"href":"https:\/\/www.worldpolicyconference.com\/fr\/wp-json\/wp\/v2\/comments?post=735"}],"version-history":[{"count":0,"href":"https:\/\/www.worldpolicyconference.com\/fr\/wp-json\/wp\/v2\/posts\/735\/revisions"}],"wp:featuredmedia":[{"embeddable":true,"href":"https:\/\/www.worldpolicyconference.com\/fr\/wp-json\/wp\/v2\/media\/10604"}],"wp:attachment":[{"href":"https:\/\/www.worldpolicyconference.com\/fr\/wp-json\/wp\/v2\/media?parent=735"}],"wp:term":[{"taxonomy":"category","embeddable":true,"href":"https:\/\/www.worldpolicyconference.com\/fr\/wp-json\/wp\/v2\/categories?post=735"},{"taxonomy":"post_tag","embeddable":true,"href":"https:\/\/www.worldpolicyconference.com\/fr\/wp-json\/wp\/v2\/tags?post=735"}],"curies":[{"name":"wp","href":"https:\/\/api.w.org\/{rel}","templated":true}]}}